{"id":1000003477,"date":"2021-12-05T08:30:00","date_gmt":"2021-12-05T07:30:00","guid":{"rendered":"https:\/\/www.adventvinkovci.com\/?p=1000003477"},"modified":"2021-12-05T08:30:00","modified_gmt":"2021-12-05T07:30:00","slug":"glas-vice-u-pustinji-poruka-uz-2-nedjelju-adventa","status":"publish","type":"post","link":"https:\/\/www.adventvinkovci.com\/en\/glas-vice-u-pustinji-poruka-uz-2-nedjelju-adventa\/","title":{"rendered":"\u201eGlas vi\u010de u pustinji\u201c \u2013 poruka uz 2. nedjelju Adventa"},"content":{"rendered":"<p><strong>Druga svije\u0107a je pomirilica ili betlehemska<\/strong> &#8211; <strong>ozna\u010dava <em>mir<\/em><\/strong><em>,<\/em> a druge nedjelje Adventa slu\u0161amo o sv. Ivanu Krstitelju koji djeluje onako kako je prorok Izaija najavio 700 godina prije njegova ro\u0111enja. On naime pripravlja put, \u201eravna staze\u201c Mesiji &#8211; onome koji \u0107e se poniziti, kako bi nas ljude izdignuo iz trule\u017ei grijeha, u radost kojoj nema kraja, najavljuje \u017eupni vikar \u017dupe sv. Euzebija i Poliona vl\u010d.<strong> Bo\u017eidar Na\u0111<\/strong>.<\/p>\n\n\n\n<p>Evan\u0111eoski odlomak predstavlja Ivana kao <em>\u201eglas koji vi\u010de u pustinji\u201c<\/em> podsje\u0107aju\u0107i na putovanje od 40 godina kroz pustinju Izabranog naroda. Na ovaj na\u010din nas evan\u0111elist Luka podsje\u0107a na razdoblje izraelske povijesti u kojem su se oni najvi\u0161e pouzdavali u Gospodina, tj. najpotpunije shva\u0107ali koliko smo mi ljudi ovisni o Bogu. Ujedno podsje\u0107a svoje suvremenike, kao i nas danas, da se na isti na\u010din trebamo uzdati u Boga, bez obzira na sve.<\/p>\n\n\n\n<p>Tako nas dana\u0161nji evan\u0111eoski odlomak zapravo poziva na obra\u0107enje prije Isusova dolaska me\u0111u nas. Poziva nas da se pripravimo, da poravnamo u sebi sve krive puteve tj. poziva nas da se pribli\u017eimo Bogu, a udaljimo od grijeha. Poziva nas da redovito slavimo Boga na Svetoj misi, da redovito molimo, da se ispovjedimo, da \u010dinimo tjelesna i duhovna djela milosr\u0111a, da oprostimo, da \u017eivimo onako kako nas to Bog u\u010di. Poziva nas da u Adventu u\u010dinimo sve kako bi do\u0161li bli\u017ee vje\u010dnoj Ljubavi. Jer upravo to je katoli\u010dki na\u010din priprave za veliko otajstvo Isusova ro\u0111enja, poru\u010duje kapelan Na\u0111.<\/p>\n\n\n\n<p>Tako \u0107emo do\u017eivjeti pravu, istinsku, dugotrajnu radost Bo\u017ei\u0107a, jer je to radost koja dolazi od samoga Boga. Radost koja uklju\u010duje neizmjernu zahvalnost prema Bogu koji se poni\u017eava, kako bi nas uzvisio. Radost koja nas u\u010di koliko je dobro biti blizu Bogu. Radost koja nam pokazuje koliko nas Bog ljubi.<\/p>\n\n\n\n<p><strong>Poravnajmo zato u sebi sve krivine grijeha i s rado\u0161\u0107u se otvorimo Kristu koji dolazi, poziva \u017eupni vikar u povodu 2. nedjelje Do\u0161a\u0161\u0107a<\/strong> \u010dija ina\u010dica <em>advent<\/em> dolazi od latinske rije\u010di <em>&#8216;advenire&#8217;<\/em> \u0161to zna\u010di dolazak.<\/p>\n\n\n\n<p>Zakora\u010dili smo u prosinac, mnogima najdra\u017ei mjesec u godini, no \u010dinjenica je kako u dana\u0161njem konzumeristi\u010dkom dru\u0161tvu postaje sve vi\u0161e stresan. Nastojimo izabrati najbolje darove, ispe\u0107i savr\u0161ene kola\u010de ili postaviti bajkovite fotografije na dru\u0161tvene mre\u017ee, no \u010desto izgorimo od \u017eelje i iskusimo frustraciju zbog praznine iznutra. Va\u017enije od toga \u0161to se doga\u0111a oko nas je ono \u0161to se doga\u0111a u nama, ka\u017eu mudriji. Klju\u010d je u u\u010denju opra\u0161tanja sebi i drugima.<\/p>\n\n\n\n<p>Ne moramo biti savr\u0161eni, a jo\u0161 manje o\u010dekivati to od drugih. Otpustiti (pre)visoka o\u010dekivanja i imati na umu da u sredi\u0161tu blagdana nisu darovi i savr\u0161enstvo nego stvaranje posebnih trenutaka koje \u0107emo zauvijek pamtiti. Neka nam frustracija, ljutnja i krivnja ostanu u studenom.<\/p>","protected":false},"excerpt":{"rendered":"<p>Druga svije\u0107a je pomirilica ili betlehemska &#8211; ozna\u010dava mir, a druge nedjelje Adventa slu\u0161amo o sv. Ivanu Krstitelju koji djeluje onako kako je prorok Izaija najavio 700 godina prije njegova ro\u0111enja. On naime pripravlja put, \u201eravna staze\u201c Mesiji &#8211; onome koji \u0107e se poniziti, kako bi nas ljude izdignuo iz trule\u017ei grijeha, u radost kojoj [&hellip;]<\/p>","protected":false},"author":2,"featured_media":1000003478,"comment_status":"open","ping_status":"open","sticky":false,"template":"","format":"standard","meta":{"_et_pb_use_builder":"","_et_pb_old_content":"","_et_gb_content_width":"","footnotes":""},"categories":[6,2],"tags":[12,13,14,15],"class_list":["post-1000003477","post","type-post","status-publish","format-standard","has-post-thumbnail","hentry","category-6","category-novosti","tag-advent","tag-nedjelja","tag-svijeca","tag-vinkovci"],"_links":{"self":[{"href":"https:\/\/www.adventvinkovci.com\/en\/wp-json\/wp\/v2\/posts\/1000003477","targetHints":{"allow":["GET"]}}],"collection":[{"href":"https:\/\/www.adventvinkovci.com\/en\/wp-json\/wp\/v2\/posts"}],"about":[{"href":"https:\/\/www.adventvinkovci.com\/en\/wp-json\/wp\/v2\/types\/post"}],"author":[{"embeddable":true,"href":"https:\/\/www.adventvinkovci.com\/en\/wp-json\/wp\/v2\/users\/2"}],"replies":[{"embeddable":true,"href":"https:\/\/www.adventvinkovci.com\/en\/wp-json\/wp\/v2\/comments?post=1000003477"}],"version-history":[{"count":0,"href":"https:\/\/www.adventvinkovci.com\/en\/wp-json\/wp\/v2\/posts\/1000003477\/revisions"}],"wp:featuredmedia":[{"embeddable":true,"href":"https:\/\/www.adventvinkovci.com\/en\/wp-json\/wp\/v2\/media\/1000003478"}],"wp:attachment":[{"href":"https:\/\/www.adventvinkovci.com\/en\/wp-json\/wp\/v2\/media?parent=1000003477"}],"wp:term":[{"taxonomy":"category","embeddable":true,"href":"https:\/\/www.adventvinkovci.com\/en\/wp-json\/wp\/v2\/categories?post=1000003477"},{"taxonomy":"post_tag","embeddable":true,"href":"https:\/\/www.adventvinkovci.com\/en\/wp-json\/wp\/v2\/tags?post=1000003477"}],"curies":[{"name":"wp","href":"https:\/\/api.w.org\/{rel}","templated":true}]}}