{"id":1000003546,"date":"2021-12-11T19:32:19","date_gmt":"2021-12-11T18:32:19","guid":{"rendered":"https:\/\/www.adventvinkovci.com\/?p=1000003546"},"modified":"2021-12-11T19:32:19","modified_gmt":"2021-12-11T18:32:19","slug":"bajka-na-bosutu-svojom-carolijom-privukla-posjetitelje-iz-portugala-i-spanjolske","status":"publish","type":"post","link":"https:\/\/www.adventvinkovci.com\/en\/bajka-na-bosutu-svojom-carolijom-privukla-posjetitelje-iz-portugala-i-spanjolske\/","title":{"rendered":"Bajka na Bosutu svojom \u010darolijom privukla posjetitelje iz Portugala i \u0160panjolske"},"content":{"rendered":"<p style=\"text-align: justify;\"><strong>Sve je spremno za bo\u017ei\u0107no ruho koje \u0107e ove godine u Vinkovcima upotpuniti Bajka na Bosutu. Advent ne\u0161to druga\u010dijeg opsega i lokacije, ali i dalje s istim ciljem &#8211; uz okuse i mirise blagdanskih delikatesa, vesele note raznih glazbenika sretno i veselo do\u010dekati Bo\u017ei\u0107 i uklizati na novom klizali\u0161tu u Novu 2022. godinu.<\/strong><\/p>\n\n\t\t<style type=\"text\/css\">\n\t\t\t#gallery-1 {\n\t\t\t\tmargin: auto;\n\t\t\t}\n\t\t\t#gallery-1 .gallery-item {\n\t\t\t\tfloat: left;\n\t\t\t\tmargin-top: 10px;\n\t\t\t\ttext-align: center;\n\t\t\t\twidth: 50%;\n\t\t\t}\n\t\t\t#gallery-1 img {\n\t\t\t\tborder: 2px solid #cfcfcf;\n\t\t\t}\n\t\t\t#gallery-1 .gallery-caption {\n\t\t\t\tmargin-left: 0;\n\t\t\t}\n\t\t\t\/* see gallery_shortcode() in wp-includes\/media.php *\/\n\t\t<\/style>\n\t\t<div id='gallery-1' class='gallery galleryid-1000003546 gallery-columns-2 gallery-size-full'><dl class='gallery-item'>\n\t\t\t<dt class='gallery-icon landscape'>\n\t\t\t\t<a href='https:\/\/www.adventvinkovci.com\/wp-content\/uploads\/2021\/12\/IMG-2120-scaled-1.jpg'><img loading=\"lazy\" decoding=\"async\" width=\"2560\" height=\"1920\" src=\"https:\/\/www.adventvinkovci.com\/wp-content\/uploads\/2021\/12\/IMG-2120-scaled-1.jpg\" class=\"attachment-full size-full\" alt=\"\" srcset=\"https:\/\/www.adventvinkovci.com\/wp-content\/uploads\/2021\/12\/IMG-2120-scaled-1.jpg 2560w, https:\/\/www.adventvinkovci.com\/wp-content\/uploads\/2021\/12\/IMG-2120-scaled-1-1280x960.jpg 1280w, https:\/\/www.adventvinkovci.com\/wp-content\/uploads\/2021\/12\/IMG-2120-scaled-1-980x735.jpg 980w, https:\/\/www.adventvinkovci.com\/wp-content\/uploads\/2021\/12\/IMG-2120-scaled-1-480x360.jpg 480w\" sizes=\"(min-width: 0px) and (max-width: 480px) 480px, (min-width: 481px) and (max-width: 980px) 980px, (min-width: 981px) and (max-width: 1280px) 1280px, (min-width: 1281px) 2560px, 100vw\" \/><\/a>\n\t\t\t<\/dt><\/dl><dl class='gallery-item'>\n\t\t\t<dt class='gallery-icon landscape'>\n\t\t\t\t<a href='https:\/\/www.adventvinkovci.com\/wp-content\/uploads\/2021\/12\/IMG-2119-scaled-1.jpg'><img loading=\"lazy\" decoding=\"async\" width=\"2560\" height=\"1920\" src=\"https:\/\/www.adventvinkovci.com\/wp-content\/uploads\/2021\/12\/IMG-2119-scaled-1.jpg\" class=\"attachment-full size-full\" alt=\"\" srcset=\"https:\/\/www.adventvinkovci.com\/wp-content\/uploads\/2021\/12\/IMG-2119-scaled-1.jpg 2560w, https:\/\/www.adventvinkovci.com\/wp-content\/uploads\/2021\/12\/IMG-2119-scaled-1-1280x960.jpg 1280w, https:\/\/www.adventvinkovci.com\/wp-content\/uploads\/2021\/12\/IMG-2119-scaled-1-980x735.jpg 980w, https:\/\/www.adventvinkovci.com\/wp-content\/uploads\/2021\/12\/IMG-2119-scaled-1-480x360.jpg 480w\" sizes=\"(min-width: 0px) and (max-width: 480px) 480px, (min-width: 481px) and (max-width: 980px) 980px, (min-width: 981px) and (max-width: 1280px) 1280px, (min-width: 1281px) 2560px, 100vw\" \/><\/a>\n\t\t\t<\/dt><\/dl><br style=\"clear: both\" \/>\n\t\t<\/div>\n\n<p style=\"text-align: justify;\">Bajka na Bosutu svoj program zapo\u010dela je danas u 10 sati, otvorenjem klizali\u0161ta koje je uveselilo i one najmla\u0111e. Svoje odu\u0161evljenje s nama su podijelili i posjetitelji te istaknuli \u0161to ih veseli. Brojne ponude specijaliteta hrane i pi\u0107a , od slanog do slatkog, zadovoljavat \u0107e i one najzahtjevnije sve do 8. sije\u010dnja.<\/p>\n<p style=\"text-align: justify;\">Ku\u0107ici Bake Eve, koja subotama uveseljava djecu svojim pou\u010dnim pri\u010dama, pridru\u017eit \u0107e se i Ku\u0107ica Djeda Bo\u017ei\u0107njaka gdje oni najmla\u0111i mogu ubaciti u sandu\u010di\u0107 0\/24 svoje novogodi\u0161nje \u017eelje, ali ih i Djedici \u0161apnuti na uho i to u njegovoj ku\u0107ici smje\u0161tenoj u sredini klizali\u0161ta do koje \u0107ete morati preko velikog mosta. Me\u0111utim, za one kojima je pristup ote\u017ean, \u017eelje \u0107e primati i u ku\u0107ici kod stepenica koje vode do Bajke na Bosutu.<\/p>\n\n\t\t<style type=\"text\/css\">\n\t\t\t#gallery-2 {\n\t\t\t\tmargin: auto;\n\t\t\t}\n\t\t\t#gallery-2 .gallery-item {\n\t\t\t\tfloat: left;\n\t\t\t\tmargin-top: 10px;\n\t\t\t\ttext-align: center;\n\t\t\t\twidth: 50%;\n\t\t\t}\n\t\t\t#gallery-2 img {\n\t\t\t\tborder: 2px solid #cfcfcf;\n\t\t\t}\n\t\t\t#gallery-2 .gallery-caption {\n\t\t\t\tmargin-left: 0;\n\t\t\t}\n\t\t\t\/* see gallery_shortcode() in wp-includes\/media.php *\/\n\t\t<\/style>\n\t\t<div id='gallery-2' class='gallery galleryid-1000003546 gallery-columns-2 gallery-size-full'><dl class='gallery-item'>\n\t\t\t<dt class='gallery-icon landscape'>\n\t\t\t\t<a href='https:\/\/www.adventvinkovci.com\/wp-content\/uploads\/2021\/12\/IMG-2116-scaled-1.jpg'><img loading=\"lazy\" decoding=\"async\" width=\"2560\" height=\"1920\" src=\"https:\/\/www.adventvinkovci.com\/wp-content\/uploads\/2021\/12\/IMG-2116-scaled-1.jpg\" class=\"attachment-full size-full\" alt=\"\" srcset=\"https:\/\/www.adventvinkovci.com\/wp-content\/uploads\/2021\/12\/IMG-2116-scaled-1.jpg 2560w, https:\/\/www.adventvinkovci.com\/wp-content\/uploads\/2021\/12\/IMG-2116-scaled-1-1280x960.jpg 1280w, https:\/\/www.adventvinkovci.com\/wp-content\/uploads\/2021\/12\/IMG-2116-scaled-1-980x735.jpg 980w, https:\/\/www.adventvinkovci.com\/wp-content\/uploads\/2021\/12\/IMG-2116-scaled-1-480x360.jpg 480w\" sizes=\"(min-width: 0px) and (max-width: 480px) 480px, (min-width: 481px) and (max-width: 980px) 980px, (min-width: 981px) and (max-width: 1280px) 1280px, (min-width: 1281px) 2560px, 100vw\" \/><\/a>\n\t\t\t<\/dt><\/dl><dl class='gallery-item'>\n\t\t\t<dt class='gallery-icon landscape'>\n\t\t\t\t<a href='https:\/\/www.adventvinkovci.com\/wp-content\/uploads\/2021\/12\/IMG-2113-scaled-1.jpg'><img loading=\"lazy\" decoding=\"async\" width=\"2560\" height=\"1920\" src=\"https:\/\/www.adventvinkovci.com\/wp-content\/uploads\/2021\/12\/IMG-2113-scaled-1.jpg\" class=\"attachment-full size-full\" alt=\"\" srcset=\"https:\/\/www.adventvinkovci.com\/wp-content\/uploads\/2021\/12\/IMG-2113-scaled-1.jpg 2560w, https:\/\/www.adventvinkovci.com\/wp-content\/uploads\/2021\/12\/IMG-2113-scaled-1-1280x960.jpg 1280w, https:\/\/www.adventvinkovci.com\/wp-content\/uploads\/2021\/12\/IMG-2113-scaled-1-980x735.jpg 980w, https:\/\/www.adventvinkovci.com\/wp-content\/uploads\/2021\/12\/IMG-2113-scaled-1-480x360.jpg 480w\" sizes=\"(min-width: 0px) and (max-width: 480px) 480px, (min-width: 481px) and (max-width: 980px) 980px, (min-width: 981px) and (max-width: 1280px) 1280px, (min-width: 1281px) 2560px, 100vw\" \/><\/a>\n\t\t\t<\/dt><\/dl><br style=\"clear: both\" \/>\n\t\t<\/div>\n\n<p>Iako je Vinkovce ki\u0161a danas zavila u sivo, nije uspjela omesti mnoge posjetitelje, ali i one najmla\u0111e da u\u017eivaju u klizaljkama na ledu. Koliko je Bajka na Bosutu \u010darobna, dokazuje i to da su je ove godine posjetili ne samo stanovnici Lijepe na\u0161e, nego i iz \u0160panjolske i Portugala. Danas su nam otkrili \u0161to oni misle o na\u0161em vinkova\u010dkom adventu i kako im se svi\u0111a njegovo novo ruho.<\/p>\n<p style=\"text-align: justify;\">\u00a0<em><strong>&#8220;Bila sam na Adventu u Vinkovcima prije dvije godine i tada sam bila odu\u0161evljena, ali ove<\/strong><\/em><a href=\"https:\/\/www.adventvinkovci.com\/wp-content\/uploads\/2021\/12\/IMG-2145-scaled.jpg\"><img loading=\"lazy\" decoding=\"async\" class=\"alignleft wp-image-1000003551 size-medium\" src=\"https:\/\/www.adventvinkovci.com\/wp-content\/uploads\/2021\/12\/IMG-2145-225x300.jpg\" alt=\"\" width=\"225\" height=\"300\" \/><\/a><em><strong> godine dojam je druga\u010diji jer je prostor ve\u0107i i sve prekrasno sjaji, a klizali\u0161te me je najvi\u0161e odu\u0161evilo&#8221;,<\/strong> <\/em>rekla nam je Ayla Carazo, \u0160panjolka iz Vrbanje, dodav\u0161i kako ju nije sprije\u010dilo ni vrijeme da i ove godine posjeti Vinkovce i u\u017eiva u blagdanskom duhu.<\/p>\n<p>&nbsp;<\/p>\n<p>&nbsp;<\/p>\n<p>&nbsp;<\/p>\n<p><a href=\"https:\/\/www.adventvinkovci.com\/wp-content\/uploads\/2021\/12\/IMG-2146-scaled.jpg\"><img loading=\"lazy\" decoding=\"async\" class=\"alignleft size-medium wp-image-1000003552\" src=\"https:\/\/www.adventvinkovci.com\/wp-content\/uploads\/2021\/12\/IMG-2146-225x300.jpg\" alt=\"\" width=\"225\" height=\"300\" \/><\/a>Tu se sa svojim odu\u0161evljenjem pridru\u017eio i Filipe Magalhaes iz Portugala, koji nam je, kli\u017eu\u0107i se na ledu drugi put u \u017eivotu, rekao kako Vinkovce tako\u0111er posje\u0107uje drugu godinu zaredom i tradicionalno \u0107e to \u010diniti i u budu\u0107nosti.<\/p>\n<p>&nbsp;<\/p>\n<p>&nbsp;<\/p>\n<p>&nbsp;<\/p>\n<p><a href=\"https:\/\/www.adventvinkovci.com\/wp-content\/uploads\/2021\/12\/IMG-2148-scaled.jpg\"><img loading=\"lazy\" decoding=\"async\" class=\"alignleft size-medium wp-image-1000003553\" src=\"https:\/\/www.adventvinkovci.com\/wp-content\/uploads\/2021\/12\/IMG-2148-225x300.jpg\" alt=\"\" width=\"225\" height=\"300\" \/><\/a>A osim mla\u0111e populacije na\u0161la se tu i gospo\u0111a Vesna Jur\u010devi\u0107, koja u svojoj 60-toj razbija stereotipe i vje\u0161to pokazuje svoje umije\u0107e klizanja. Mo\u017eda ne pripada mla\u0111oj populaciji, ali svakako je duhom jo\u0161 uvijek mlada.<strong><em>&#8220;Pridru\u017eite mi se da zajedno kli\u017eemo i otjeramo ovu ki\u0161u. Moramo se veseliti kako bi bili u skladu sa blagdanima koji nam dolaze&#8221;<\/em><\/strong>, rekla je gospo\u0111a Vesna.<\/p>\n<p>&nbsp;<\/p>\n<p>&nbsp;<\/p>\n<p>&nbsp;<\/p>\n<p>Veselim posjetiteljima ve\u010deras se mo\u017eete pridru\u017eiti i vi, kada \u0107e svojim glazbenim opusom publiku rasplesati Electric Corn s po\u010detkom u 21 sat. Vidimo se na Bajci na Bosutu!<\/p>\n<p><a href=\"https:\/\/www.adventvinkovci.com\/wp-content\/uploads\/2021\/12\/unnamed-scaled.jpg\"><img loading=\"lazy\" decoding=\"async\" class=\"aligncenter size-full wp-image-1000003554\" src=\"https:\/\/www.adventvinkovci.com\/wp-content\/uploads\/2021\/12\/unnamed-scaled.jpg\" alt=\"\" width=\"2560\" height=\"1920\" \/><\/a><\/p>","protected":false},"excerpt":{"rendered":"<p>Sve je spremno za bo\u017ei\u0107no ruho koje \u0107e ove godine u Vinkovcima upotpuniti Bajka na Bosutu. Advent ne\u0161to druga\u010dijeg opsega i lokacije, ali i dalje s istim ciljem &#8211; uz okuse i mirise blagdanskih delikatesa, vesele note raznih glazbenika sretno i veselo do\u010dekati Bo\u017ei\u0107 i uklizati na novom klizali\u0161tu u Novu 2022. godinu. Bajka na [&hellip;]<\/p>","protected":false},"author":5,"featured_media":1000003555,"comment_status":"open","ping_status":"open","sticky":false,"template":"","format":"standard","meta":{"_et_pb_use_builder":"","_et_pb_old_content":"","_et_gb_content_width":"","footnotes":""},"categories":[6,2],"tags":[],"class_list":["post-1000003546","post","type-post","status-publish","format-standard","has-post-thumbnail","hentry","category-6","category-novosti"],"_links":{"self":[{"href":"https:\/\/www.adventvinkovci.com\/en\/wp-json\/wp\/v2\/posts\/1000003546","targetHints":{"allow":["GET"]}}],"collection":[{"href":"https:\/\/www.adventvinkovci.com\/en\/wp-json\/wp\/v2\/posts"}],"about":[{"href":"https:\/\/www.adventvinkovci.com\/en\/wp-json\/wp\/v2\/types\/post"}],"author":[{"embeddable":true,"href":"https:\/\/www.adventvinkovci.com\/en\/wp-json\/wp\/v2\/users\/5"}],"replies":[{"embeddable":true,"href":"https:\/\/www.adventvinkovci.com\/en\/wp-json\/wp\/v2\/comments?post=1000003546"}],"version-history":[{"count":0,"href":"https:\/\/www.adventvinkovci.com\/en\/wp-json\/wp\/v2\/posts\/1000003546\/revisions"}],"wp:featuredmedia":[{"embeddable":true,"href":"https:\/\/www.adventvinkovci.com\/en\/wp-json\/wp\/v2\/media\/1000003555"}],"wp:attachment":[{"href":"https:\/\/www.adventvinkovci.com\/en\/wp-json\/wp\/v2\/media?parent=1000003546"}],"wp:term":[{"taxonomy":"category","embeddable":true,"href":"https:\/\/www.adventvinkovci.com\/en\/wp-json\/wp\/v2\/categories?post=1000003546"},{"taxonomy":"post_tag","embeddable":true,"href":"https:\/\/www.adventvinkovci.com\/en\/wp-json\/wp\/v2\/tags?post=1000003546"}],"curies":[{"name":"wp","href":"https:\/\/api.w.org\/{rel}","templated":true}]}}