{"id":1000003757,"date":"2021-12-28T20:35:15","date_gmt":"2021-12-28T19:35:15","guid":{"rendered":"https:\/\/www.adventvinkovci.com\/?p=1000003757"},"modified":"2021-12-28T20:35:15","modified_gmt":"2021-12-28T19:35:15","slug":"pomozimo-tinu-na-njegovom-putu-prema-prvim-koracima","status":"publish","type":"post","link":"https:\/\/www.adventvinkovci.com\/en\/pomozimo-tinu-na-njegovom-putu-prema-prvim-koracima\/","title":{"rendered":"Pomozimo Tinu na njegovom putu prema prvim koracima"},"content":{"rendered":"<p style=\"text-align: justify;\">Malenom Vinkov\u010daninu Tinu Brankovi\u0107u, koji je u listopadu napunio godinu dana, pri ro\u0111enju dijagnosticirana je bolest artrogripoza (Arthrogryposis mutiplex congenita). Kako u Hrvatskoj nema dostatnoga iskustva u lije\u010denju ove rijetke priro\u0111ene bolesti mi\u0161i\u0107a lokomotornog sustava kod koje su naro\u010dito nagla\u0161ene kontrakture zglobova, Tinovi roditelji Vita i Josip Brankovi\u0107 obratili su se u Orthop\u00e4dische Kinderklinik u Acshau.<\/p>\n<p style=\"text-align: justify;\">U toj poznatoj njema\u010dkoj klinici u lipnju ove godine obavljen je prvi pregled te dogovor za daljnje lije\u010denje koje obuhva\u0107a operacije stopala, oba koljena, skra\u0107ivanje obje natkoljenice da bi dobio na pokretljivosti, operacije oba kuka te fizikalne terapije i ortoze koje \u0107e nositi do kraja rasta. Vi\u0161egodi\u0161nje lije\u010denje koje \u0107e trajati do kraja puberteta, ko\u0161tat \u0107e oko 100 tisu\u0107a eura, a da bi ono bilo mogu\u0107e Tinovi roditelji trebaju pomo\u0107.<\/p>\n<p style=\"text-align: justify;\">U nizu humanitarnih akcija s tim ciljem ve\u010deras je na klizali\u0161tu \u201eBajka na Bosutu\u201d Adventa u Vinkovcima odr\u017ean humanitarni koncert, a ve\u0107 za sutra najavljen je jo\u0161 jedan, u crkvi Sv. Nikole, biskupa u 18,30 sati.<\/p>\n<p style=\"text-align: justify;\">Za maloga Tina ve\u010deras i sutra pjeva VIS \u201eFra Vjekoslav Mi\u010duda\u201d.<\/p>\n<p style=\"text-align: justify;\">&#8220;\u010citaju\u0107i jedan od \u010dlanaka o Tinu prepoznao sam da je potrebna pomo\u0107. Znao sam da su se u Vinkovcima ve\u0107 prikupljale donacije za Tina i pomislio sam za\u0161to ne bi i mi pomogli na neki na\u010din, a \u010dlanovi sastava odmah su to prihvatili. Ve\u010deras nas nastupa 25, na programu je set pjesama duhovnih i bo\u017ei\u0107nih, a koncert traje oko dva sata\u201d, istaknuo je Ante Miljani\u0107, voditelj VIS \u201eFra Vjekoslav Mi\u010duda\u201d.<\/p>\n<p style=\"text-align: justify;\">Poziv upu\u0107en u vezi dopu\u0161tenja odr\u017eavanja koncerta obitelj Brankovi\u0107 zatekao je na putu ku\u0107i iz Njema\u010dke, a jo\u0161 jedna lijepa gesta sa \u017eeljom da se pomogne Tinu do\u010dekana je s veseljem.<\/p>\n<p style=\"text-align: justify;\">&#8220;Ovo nam puno zna\u010di. Ve\u010deras \u0107emo zajedno u\u017eivati u lijepom koncertu koji je dobro djelo, a na ovakav na\u010din i uz svaku drugu pomo\u0107, mi \u0107emo prikupiti dovoljno sredstava da jednoga dana Tin stane na svoje noge\u201d, istaknula je Tinova mama Vita.<\/p>\n<p style=\"text-align: justify;\">Ne\u0107e to biti lako jer je ve\u0107 sada izgledno kako \u0107e to biti i vi\u0161e od prvotno spominjanih 100 tisu\u0107a eura.<\/p>\n<p style=\"text-align: justify;\">&#8220;Sada smo bili na kontroli i dobili termin, 15. velja\u010de, za prvu operaciju. To je operacija lijevog stopala. Malo smo \u0161okirani zbog iznosa jer \u0107e ta operacija ko\u0161tati preko 10 tisu\u0107a eura, a Tin \u0107e imati ukupno oko osam operacija, a tu su jo\u0161 ortoze koje \u0107e morati nositi\u201d, istaknula je Vita Brankovi\u0107.<\/p>\n<p style=\"text-align: justify;\">Obitelj, me\u0111utim, od Tinova puta prema samostalnim koracima ne\u0107e odustati.<\/p>\n<p style=\"text-align: justify;\">&#8220;Sva sre\u0107a da nam ne treba cijeli taj iznos odjednom, to \u0107e biti godinama lije\u010denje, a za po\u010detak mi imamo dovoljno\u201d, ka\u017ee Vita Brankovi\u0107.<\/p>\n<p style=\"text-align: justify;\">Uz zahvalu svima koji su do sada pomogli, obitelj Brankovi\u0107 vjeruje u dobre ljude i dalje, a svi svi oni koji \u017eele pomo\u0107i mogu to u\u010diniti i putem ra\u010duna otvorenih kod Privredne banke Zagreb:<\/p>\n<p style=\"text-align: center;\">HR4123400093235109832 (teku\u0107i ra\u010dun u kunama)<br \/>\ni<br \/>\nHR2323400093235109865 (teku\u0107i ra\u010dun u stranoj valuti).<\/p>\n<p style=\"text-align: justify;\">Recimo i to kako Tin ima svoju stranicu &#8220;Put malog Heroja Tina&#8221; na kojoj se mo\u017ee pratiti svaki va\u017ean detalj njegova puta ka prvim koracima te kontaktirati njegove roditelje.<\/p>\n<p align=\"justify\"><a href=\"https:\/\/www.adventvinkovci.com\/wp-content\/uploads\/2021\/12\/1-tin.jpg\"><img loading=\"lazy\" decoding=\"async\" class=\"aligncenter size-full wp-image-1000003760\" src=\"https:\/\/www.adventvinkovci.com\/wp-content\/uploads\/2021\/12\/1-tin.jpg\" alt=\"\" width=\"591\" height=\"443\" srcset=\"https:\/\/www.adventvinkovci.com\/wp-content\/uploads\/2021\/12\/1-tin.jpg 591w, https:\/\/www.adventvinkovci.com\/wp-content\/uploads\/2021\/12\/1-tin-480x360.jpg 480w\" sizes=\"(min-width: 0px) and (max-width: 480px) 480px, (min-width: 481px) 591px, 100vw\" \/><\/a><\/p>\n<p align=\"justify\"><a href=\"https:\/\/www.adventvinkovci.com\/wp-content\/uploads\/2021\/12\/2-tin.jpg\"><img loading=\"lazy\" decoding=\"async\" class=\"size-full wp-image-1000003759 aligncenter\" src=\"https:\/\/www.adventvinkovci.com\/wp-content\/uploads\/2021\/12\/2-tin.jpg\" alt=\"\" width=\"591\" height=\"443\" srcset=\"https:\/\/www.adventvinkovci.com\/wp-content\/uploads\/2021\/12\/2-tin.jpg 591w, https:\/\/www.adventvinkovci.com\/wp-content\/uploads\/2021\/12\/2-tin-480x360.jpg 480w\" sizes=\"(min-width: 0px) and (max-width: 480px) 480px, (min-width: 481px) 591px, 100vw\" \/><\/a><\/p>","protected":false},"excerpt":{"rendered":"<p>Malenom Vinkov\u010daninu Tinu Brankovi\u0107u, koji je u listopadu napunio godinu dana, pri ro\u0111enju dijagnosticirana je bolest artrogripoza (Arthrogryposis mutiplex congenita). Kako u Hrvatskoj nema dostatnoga iskustva u lije\u010denju ove rijetke priro\u0111ene bolesti mi\u0161i\u0107a lokomotornog sustava kod koje su naro\u010dito nagla\u0161ene kontrakture zglobova, Tinovi roditelji Vita i Josip Brankovi\u0107 obratili su se u Orthop\u00e4dische Kinderklinik u [&hellip;]<\/p>","protected":false},"author":4,"featured_media":1000003758,"comment_status":"closed","ping_status":"open","sticky":false,"template":"","format":"standard","meta":{"_et_pb_use_builder":"","_et_pb_old_content":"","_et_gb_content_width":"","footnotes":""},"categories":[2],"tags":[],"class_list":["post-1000003757","post","type-post","status-publish","format-standard","has-post-thumbnail","hentry","category-novosti"],"_links":{"self":[{"href":"https:\/\/www.adventvinkovci.com\/en\/wp-json\/wp\/v2\/posts\/1000003757","targetHints":{"allow":["GET"]}}],"collection":[{"href":"https:\/\/www.adventvinkovci.com\/en\/wp-json\/wp\/v2\/posts"}],"about":[{"href":"https:\/\/www.adventvinkovci.com\/en\/wp-json\/wp\/v2\/types\/post"}],"author":[{"embeddable":true,"href":"https:\/\/www.adventvinkovci.com\/en\/wp-json\/wp\/v2\/users\/4"}],"replies":[{"embeddable":true,"href":"https:\/\/www.adventvinkovci.com\/en\/wp-json\/wp\/v2\/comments?post=1000003757"}],"version-history":[{"count":0,"href":"https:\/\/www.adventvinkovci.com\/en\/wp-json\/wp\/v2\/posts\/1000003757\/revisions"}],"wp:featuredmedia":[{"embeddable":true,"href":"https:\/\/www.adventvinkovci.com\/en\/wp-json\/wp\/v2\/media\/1000003758"}],"wp:attachment":[{"href":"https:\/\/www.adventvinkovci.com\/en\/wp-json\/wp\/v2\/media?parent=1000003757"}],"wp:term":[{"taxonomy":"category","embeddable":true,"href":"https:\/\/www.adventvinkovci.com\/en\/wp-json\/wp\/v2\/categories?post=1000003757"},{"taxonomy":"post_tag","embeddable":true,"href":"https:\/\/www.adventvinkovci.com\/en\/wp-json\/wp\/v2\/tags?post=1000003757"}],"curies":[{"name":"wp","href":"https:\/\/api.w.org\/{rel}","templated":true}]}}