{"id":1000003886,"date":"2022-01-04T09:03:50","date_gmt":"2022-01-04T08:03:50","guid":{"rendered":"https:\/\/www.adventvinkovci.com\/?p=1000003886"},"modified":"2022-01-04T09:03:50","modified_gmt":"2022-01-04T08:03:50","slug":"vinkovci-u-utrci-za-najljepsi-advent-u-hrvatskoj","status":"publish","type":"post","link":"https:\/\/www.adventvinkovci.com\/en\/vinkovci-u-utrci-za-najljepsi-advent-u-hrvatskoj\/","title":{"rendered":"Vinkovci u utrci za najljep\u0161i advent u Hrvatskoj"},"content":{"rendered":"<p class=\"western\" style=\"text-align: justify;\" align=\"justify\"><span style=\"color: #130f0c;\"><span style=\"font-family: Times New Roman, serif;\"><span style=\"font-size: large;\"><b>Krenuo je veliki <\/b><\/span><\/span><\/span><span style=\"color: #130f0c;\"><span style=\"font-family: Times New Roman, serif;\"><span style=\"font-size: large;\"><b>nacionalni <\/b><\/span><\/span><\/span><span style=\"color: #130f0c;\"><span style=\"font-family: Times New Roman, serif;\"><span style=\"font-size: large;\"><b>izbor za Najljep\u0161i advent, novi projekt <\/b><\/span><\/span><\/span><span style=\"color: #130f0c;\"><span style=\"font-family: Times New Roman, serif;\"><span style=\"font-size: large;\"><b>portala <\/b><\/span><\/span><\/span><span style=\"color: #130f0c;\"><span style=\"font-family: Times New Roman, serif;\"><span style=\"font-size: large;\"><b>gradona\u010delnik.hr kojega, po uzoru na popularni izbor za Najljep\u0161i vrti\u0107, ove godine prvi put provod<\/b><\/span><\/span><\/span><span style=\"color: #130f0c;\"><span style=\"font-family: Times New Roman, serif;\"><span style=\"font-size: large;\"><b>e na svojoj<\/b><\/span><\/span><\/span><b> <\/b><a href=\"https:\/\/www.facebook.com\/gradonacelnikhr\" target=\"_blank\" rel=\"noopener\"><span style=\"color: #2a6099;\"><span style=\"font-family: Times New Roman, serif;\"><span style=\"font-size: large;\"><b><strong>Facebook stranici<\/strong><\/b><\/span><\/span><\/span><\/a><span style=\"color: #2a6099;\"><span style=\"font-family: Times New Roman, serif;\"><span style=\"font-size: large;\"><b><strong>.<\/strong><\/b><\/span><\/span><\/span><\/p>\n<p class=\"western\" style=\"text-align: justify;\" align=\"justify\"><span style=\"color: #130f0c;\"><span style=\"font-family: Times New Roman, serif;\"><span style=\"font-size: large;\">Za izbor za Najljep\u0161i advent prijavila su se <\/span><\/span><\/span><span style=\"color: #130f0c;\"><span style=\"font-family: Times New Roman, serif;\"><span style=\"font-size: large;\">ukupno <\/span><\/span><\/span><span style=\"color: #130f0c;\"><span style=\"font-family: Times New Roman, serif;\"><span style=\"font-size: large;\">33 grada i 4 op\u0107ine: <\/span><\/span><\/span><span style=\"color: #130f0c;\"><span style=\"font-family: Times New Roman, serif;\"><span style=\"font-size: large;\">Bakar, Beli\u0161\u0107e, Crikvenica, \u010cazma, Delnice, Donji Miholjac, Dubrovnik, \u0110akovo, Karlovac, Kutina, Labin, Lepoglava, Metkovi\u0107, Nova Gradi\u0161ka, Novska, Opatija, Osijek, Pleternica, Pore\u010d, Pula, Rijeka, Rovinj, Samobor, Slavonski Brod, Sveta Nedjelja, \u0160ibenik, Vara\u017edin, Velika Gorica, Vinkovci, Virovitica, Vukovar, Zadar i Zlatar te op\u0107ine Ernestinovo, Ma\u010de, Tar-Vabriga i Vir.<\/span><\/span><\/span><\/p>\n<p class=\"western\" style=\"text-align: justify;\" align=\"justify\"><span style=\"color: #130f0c;\">\u201e<span style=\"font-family: Times New Roman, serif;\"><span style=\"font-size: large;\">Ovim putem im jo\u0161 jednom zahvaljujemo \u0161to su se uklju\u010dili i prekrasnim slikama svojih advenata postali dio na\u0161eg najljep\u0161eg projekta. Svaki mail i svaka prijava s fotografijama advenata koji su pristizali na na\u0161u adresu izazivali su novo odu\u0161evljenje i radost te nam iznova davali potvrdu vrijednosti i atraktivnosti ovog projekta. Jer, bez obzira radilo se o velikom ili malom gradu ili, pak, op\u0107ini \u2013 sve prijavljene slike i adventi pokazuju izuzetan trud, ulaganja, kreativnost i ljubav kojima lokalna zajednica u vrijeme adventa \u017eeli svojim gra\u0111anima i gostima uljep\u0161ati blagdanske dane i osigurati \u0161to ljep\u0161e, sve\u010danije i veselije ozra\u010dje\u201d, poru\u010dili su organizatori. <\/span><\/span><\/span><\/p>\n<p class=\"western\" style=\"text-align: justify;\" align=\"justify\"><span style=\"color: #130f0c;\"><span style=\"font-family: Times New Roman, serif;\"><span style=\"font-size: large;\">Tu je, <span lang=\"hr-HR\">isti\u010du<\/span>, i gospodarski aspekt cijele pri\u010de jer adventi su posljednjih godina postali i sve zna\u010dajniji turisti\u010dki proizvod i magnet za doma\u0107e i strane goste pa dobar i posje\u0107en advent ima i svoje pozitivne financijske rezultate za lokalnu zajednicu.<\/span><\/span><\/span><\/p>\n<p class=\"western\" style=\"text-align: justify;\" align=\"justify\"><span style=\"color: #130f0c;\"><span style=\"font-family: Times New Roman, serif;\"><span style=\"font-size: large;\"><b>Ba\u0161 zato odlu\u010dili su advente prikazati na jednom mjestu i kroz ovaj izbor omogu\u0107iti gradovima i op\u0107inama da ih prezentiraju i pohvale se i izvan svojih lokalnih okvira, a gra\u0111anima da odaberu koji je najljep\u0161i.<\/b><\/span><\/span><\/span><\/p>\n<p class=\"western\" style=\"text-align: justify;\" align=\"justify\"><span style=\"color: #130f0c;\"><span style=\"font-family: Times New Roman, serif;\"><span style=\"font-size: large;\"><span lang=\"hr-HR\">Napomenimo kako ovo nije<\/span> stru\u010dni izbor ili ocjena koji je advent najljep\u0161i, ve\u0107 \u0107e, kao i uvijek kada su u pitanju \u2018vox populi\u2019 izbori, pobjeda uvelike ovisiti o emocijama i privr\u017eenosti ljudi prema svom gradu\/op\u0107ini te snazi same zajednice. <\/span><\/span><\/span><\/p>\n<p class=\"western\" style=\"text-align: justify;\" align=\"justify\"><span style=\"color: #130f0c;\"><span style=\"font-family: Times New Roman, serif;\"><span style=\"font-size: large;\"><i><b><strong>PRAVILA IZBORA:<\/strong><\/b><\/i><\/span><\/span><\/span><\/p>\n<p class=\"western\" style=\"text-align: justify;\" align=\"justify\"><span style=\"color: #130f0c;\"><span style=\"font-family: Times New Roman, serif;\"><span style=\"font-size: large;\">-Na FB stranic<\/span><\/span><\/span><span style=\"color: #130f0c;\"><span style=\"font-family: Times New Roman, serif;\"><span style=\"font-size: large;\">i Gradona\u010delnik.hr<\/span><\/span><\/span><span style=\"color: #130f0c;\"><span style=\"font-family: Times New Roman, serif;\"><span style=\"font-size: large;\"> abecednim redom s<\/span><\/span><\/span><span style=\"color: #130f0c;\"><span style=\"font-family: Times New Roman, serif;\"><span style=\"font-size: large;\">u<\/span><\/span><\/span><span style=\"color: #130f0c;\"><span style=\"font-family: Times New Roman, serif;\"><span style=\"font-size: large;\"> objav<\/span><\/span><\/span><span style=\"color: #130f0c;\"><span style=\"font-family: Times New Roman, serif;\"><span style=\"font-size: large;\">ljene<\/span><\/span><\/span><span style=\"color: #130f0c;\"><span style=\"font-family: Times New Roman, serif;\"><span style=\"font-size: large;\"> slike advenata<br \/>\n-Glasovanje traje do 12. sije\u010dnja u pono\u0107<br \/>\n-Broje se i priznaju lajkovi na glavnu objavu sa slikama adventa i to samo <\/span><\/span><\/span><span style=\"color: #130f0c;\"><span style=\"font-family: Times New Roman, serif;\"><span style=\"font-size: large;\">na njihovoj<\/span><\/span><\/span><span style=\"color: #130f0c;\"><span style=\"font-family: Times New Roman, serif;\"><span style=\"font-size: large;\"> FB stranici, ne i na <\/span><\/span><\/span><span style=\"color: #130f0c;\"><span style=\"font-family: Times New Roman, serif;\"><span style=\"font-size: large;\"><span lang=\"hr-HR\">podijeljenim <\/span><\/span><\/span><\/span><span style=\"color: #130f0c;\"><span style=\"font-family: Times New Roman, serif;\"><span style=\"font-size: large;\">objavama<br \/>\n-Pobjednike \u0107e proglasiti u 2 kategorije \u2013 kategoriji gradova i kategoriji op\u0107ina<\/span><\/span><\/span><\/p>\n<p>&nbsp;<\/p>\n<p><iframe loading=\"lazy\" style=\"border: none; overflow: hidden;\" src=\"https:\/\/www.facebook.com\/plugins\/post.php?href=https%3A%2F%2Fwww.facebook.com%2Fgradonacelnikhr%2Fposts%2F279947450835074&amp;show_text=true&amp;width=500\" width=\"500\" height=\"684\" frameborder=\"0\" scrolling=\"no\" allowfullscreen=\"allowfullscreen\"><\/iframe><\/p>","protected":false},"excerpt":{"rendered":"<p>Krenuo je veliki nacionalni izbor za Najljep\u0161i advent, novi projekt portala gradona\u010delnik.hr kojega, po uzoru na popularni izbor za Najljep\u0161i vrti\u0107, ove godine prvi put provode na svojoj Facebook stranici. Za izbor za Najljep\u0161i advent prijavila su se ukupno 33 grada i 4 op\u0107ine: Bakar, Beli\u0161\u0107e, Crikvenica, \u010cazma, Delnice, Donji Miholjac, Dubrovnik, \u0110akovo, Karlovac, Kutina, [&hellip;]<\/p>","protected":false},"author":4,"featured_media":1000003887,"comment_status":"closed","ping_status":"open","sticky":false,"template":"","format":"standard","meta":{"_et_pb_use_builder":"","_et_pb_old_content":"","_et_gb_content_width":"","footnotes":""},"categories":[6,2],"tags":[],"class_list":["post-1000003886","post","type-post","status-publish","format-standard","has-post-thumbnail","hentry","category-6","category-novosti"],"_links":{"self":[{"href":"https:\/\/www.adventvinkovci.com\/en\/wp-json\/wp\/v2\/posts\/1000003886","targetHints":{"allow":["GET"]}}],"collection":[{"href":"https:\/\/www.adventvinkovci.com\/en\/wp-json\/wp\/v2\/posts"}],"about":[{"href":"https:\/\/www.adventvinkovci.com\/en\/wp-json\/wp\/v2\/types\/post"}],"author":[{"embeddable":true,"href":"https:\/\/www.adventvinkovci.com\/en\/wp-json\/wp\/v2\/users\/4"}],"replies":[{"embeddable":true,"href":"https:\/\/www.adventvinkovci.com\/en\/wp-json\/wp\/v2\/comments?post=1000003886"}],"version-history":[{"count":0,"href":"https:\/\/www.adventvinkovci.com\/en\/wp-json\/wp\/v2\/posts\/1000003886\/revisions"}],"wp:featuredmedia":[{"embeddable":true,"href":"https:\/\/www.adventvinkovci.com\/en\/wp-json\/wp\/v2\/media\/1000003887"}],"wp:attachment":[{"href":"https:\/\/www.adventvinkovci.com\/en\/wp-json\/wp\/v2\/media?parent=1000003886"}],"wp:term":[{"taxonomy":"category","embeddable":true,"href":"https:\/\/www.adventvinkovci.com\/en\/wp-json\/wp\/v2\/categories?post=1000003886"},{"taxonomy":"post_tag","embeddable":true,"href":"https:\/\/www.adventvinkovci.com\/en\/wp-json\/wp\/v2\/tags?post=1000003886"}],"curies":[{"name":"wp","href":"https:\/\/api.w.org\/{rel}","templated":true}]}}