{"id":1000004274,"date":"2023-11-30T12:16:13","date_gmt":"2023-11-30T11:16:13","guid":{"rendered":"https:\/\/www.adventvinkovci.com\/?p=1000004274"},"modified":"2023-11-30T12:16:13","modified_gmt":"2023-11-30T11:16:13","slug":"ucenici-osnovne-skole-ivana-gorana-kovacica-ukrasili-bozicno-drvce-u-sredistu-grada","status":"publish","type":"post","link":"https:\/\/www.adventvinkovci.com\/en\/ucenici-osnovne-skole-ivana-gorana-kovacica-ukrasili-bozicno-drvce-u-sredistu-grada\/","title":{"rendered":"U\u010denici Osnovne \u0161kole Ivana Gorana Kova\u010di\u0107a ukrasili bo\u017ei\u0107no drvce u sredi\u0161tu grada"},"content":{"rendered":"<p style=\"text-align: justify;\" align=\"justify\">Pripreme za Advent u na\u0161em gradu u punom su jeku, a tome su danas doprinijeli i u\u010denici Osnovne \u0161kole Ivana Gorana Kova\u010di\u0107a Vinkovci koji su ukrasili 13 metarsko bo\u017ei\u0107no drvce u sredi\u0161tu grada.<\/p>\n<p style=\"text-align: justify;\" align=\"justify\"><em><strong>\u201eOve godine \u010dast je pripala u\u010denicima na\u0161e \u0161kole da izrade ukrase za veliki gradski bor. Njihova mentorica, Kata Korica-Bo\u017ei\u0107 bila je zadu\u017eena za izradu, u\u010denici su pomagali, a ja sam sretan i zadovoljan \u0161to je to tako lijepo ispalo\u201d<\/strong><\/em>, rekao je ravnatelj Osnovne \u0161kole Ivana Gorana Kova\u010di\u0107a Mario Lovri\u0107 dodav\u0161i kako je drvce danas ukrasilo 15-ak u\u010denika, a prilikom same izrade sudjelovalo ih je puno vi\u0161e.<\/p>\n<p align=\"justify\"><a href=\"https:\/\/www.adventvinkovci.com\/wp-content\/uploads\/2023\/11\/IMG_2713-scaled.jpg\"><img loading=\"lazy\" decoding=\"async\" class=\"aligncenter size-large wp-image-1000004276\" src=\"https:\/\/www.adventvinkovci.com\/wp-content\/uploads\/2023\/11\/IMG_2713-1024x683.jpg\" alt=\"\" width=\"640\" height=\"427\" \/><\/a><\/p>\n<p style=\"text-align: justify;\" align=\"justify\">Ukrasi su, poja\u0161njava, izra\u0111eni od stiropora, a koristili su razli\u010dite tkanine, ljepilo, sve ono sve \u0161to je dostupno u \u0161koli i \u0161to u\u010denici mogu koristiti. <em><strong>\u201ePripreme su trajale otprilike mjesec dana kako bi ukrasi izgledali ovako, a u\u010denici su skupa s nastavnicom vrijedno radili kad god su mogli izvan nastave, ali i za vrijeme nastave\u201d<\/strong><\/em>, dodaje ravnatelj.<\/p>\n<p align=\"justify\"><a href=\"https:\/\/www.adventvinkovci.com\/wp-content\/uploads\/2023\/11\/IMG_2721-scaled.jpg\"><img loading=\"lazy\" decoding=\"async\" class=\"aligncenter size-large wp-image-1000004277\" src=\"https:\/\/www.adventvinkovci.com\/wp-content\/uploads\/2023\/11\/IMG_2721-1024x683.jpg\" alt=\"\" width=\"640\" height=\"427\" \/><\/a><\/p>\n<p align=\"justify\"><a href=\"https:\/\/www.adventvinkovci.com\/wp-content\/uploads\/2023\/11\/IMG_2733-scaled.jpg\"><img loading=\"lazy\" decoding=\"async\" class=\"aligncenter size-large wp-image-1000004278\" src=\"https:\/\/www.adventvinkovci.com\/wp-content\/uploads\/2023\/11\/IMG_2733-1024x683.jpg\" alt=\"\" width=\"640\" height=\"427\" \/><\/a><\/p>\n<p style=\"text-align: justify;\" align=\"justify\">U\u010denicima je bo\u017ei\u0107no drvce pomogao ukrasiti i vinkova\u010dki gradona\u010delnik Ivan Bosan\u010di\u0107, a sre\u0107u \u0161to su sudjelovale u ovome procesu nisu mogle skriti Marina Komesarovi\u0107 i Petra Kompez, u\u010denice 7 b. razreda \u010detvrte vinkova\u010dke \u0161kole.<\/p>\n<p align=\"justify\"><a href=\"https:\/\/www.adventvinkovci.com\/wp-content\/uploads\/2023\/11\/IMG_2690-scaled.jpg\"><img loading=\"lazy\" decoding=\"async\" class=\"aligncenter size-large wp-image-1000004279\" src=\"https:\/\/www.adventvinkovci.com\/wp-content\/uploads\/2023\/11\/IMG_2690-1024x683.jpg\" alt=\"\" width=\"640\" height=\"427\" \/><\/a><\/p>\n<p align=\"justify\"><a href=\"https:\/\/www.adventvinkovci.com\/wp-content\/uploads\/2023\/11\/IMG_2736-scaled.jpg\"><img loading=\"lazy\" decoding=\"async\" class=\"aligncenter size-large wp-image-1000004280\" src=\"https:\/\/www.adventvinkovci.com\/wp-content\/uploads\/2023\/11\/IMG_2736-1024x683.jpg\" alt=\"\" width=\"640\" height=\"427\" \/><\/a><\/p>\n<p style=\"text-align: justify;\" align=\"justify\">Marina nam je rekla kako im je njihova nastavnica pomogla i uz njih bila cijelo vrijeme, a izra\u0111uju\u0107i ukrase odli\u010dno su se zabavile. \u201e<em><strong>Koristili smo platno, jako puno ljepila, tro\u0161ile su se litre i litre, bumba\u010dica, ukrase i sli\u010dno, kako bi nadopunile ovaj sav \u010dar Bo\u017ei\u0107a\u201d<\/strong><\/em>, rekla je u\u010denica Marina. Njezina prijateljica iz razreda Petra kazala je kako joj je najzanimljivija bila izrada i ukra\u0161avanje krugova, a izradile i an\u0111ele.<\/p>\n<p style=\"text-align: justify;\" align=\"justify\">Prekrasnim ukrasima u\u010denici su obogatili jo\u0161 jedno drvce, stoga sada spremno do\u010dekujemo najljep\u0161e i najradosnije doba godine.<\/p>\n<p align=\"justify\"><a href=\"https:\/\/www.adventvinkovci.com\/wp-content\/uploads\/2023\/11\/IMG_2747-scaled.jpg\"><img loading=\"lazy\" decoding=\"async\" class=\"aligncenter size-large wp-image-1000004281\" src=\"https:\/\/www.adventvinkovci.com\/wp-content\/uploads\/2023\/11\/IMG_2747-1024x683.jpg\" alt=\"\" width=\"640\" height=\"427\" \/><\/a><\/p>\n<p align=\"justify\"><a href=\"https:\/\/www.adventvinkovci.com\/wp-content\/uploads\/2023\/11\/IMG_2751-scaled.jpg\"><img loading=\"lazy\" decoding=\"async\" class=\"aligncenter size-large wp-image-1000004282\" src=\"https:\/\/www.adventvinkovci.com\/wp-content\/uploads\/2023\/11\/IMG_2751-1024x683.jpg\" alt=\"\" width=\"640\" height=\"427\" \/><\/a><\/p>\n<p align=\"justify\"><a href=\"https:\/\/www.adventvinkovci.com\/wp-content\/uploads\/2023\/11\/IMG_2757-scaled.jpg\"><img loading=\"lazy\" decoding=\"async\" class=\"aligncenter size-large wp-image-1000004283\" src=\"https:\/\/www.adventvinkovci.com\/wp-content\/uploads\/2023\/11\/IMG_2757-1024x683.jpg\" alt=\"\" width=\"640\" height=\"427\" \/><\/a><\/p>","protected":false},"excerpt":{"rendered":"<p>Pripreme za Advent u na\u0161em gradu u punom su jeku, a tome su danas doprinijeli i u\u010denici Osnovne \u0161kole Ivana Gorana Kova\u010di\u0107a Vinkovci koji su ukrasili 13 metarsko bo\u017ei\u0107no drvce u sredi\u0161tu grada. \u201eOve godine \u010dast je pripala u\u010denicima na\u0161e \u0161kole da izrade ukrase za veliki gradski bor. Njihova mentorica, Kata Korica-Bo\u017ei\u0107 bila je zadu\u017eena [&hellip;]<\/p>","protected":false},"author":6,"featured_media":1000004275,"comment_status":"closed","ping_status":"open","sticky":false,"template":"","format":"standard","meta":{"_et_pb_use_builder":"","_et_pb_old_content":"","_et_gb_content_width":"","footnotes":""},"categories":[2],"tags":[],"class_list":["post-1000004274","post","type-post","status-publish","format-standard","has-post-thumbnail","hentry","category-novosti"],"_links":{"self":[{"href":"https:\/\/www.adventvinkovci.com\/en\/wp-json\/wp\/v2\/posts\/1000004274","targetHints":{"allow":["GET"]}}],"collection":[{"href":"https:\/\/www.adventvinkovci.com\/en\/wp-json\/wp\/v2\/posts"}],"about":[{"href":"https:\/\/www.adventvinkovci.com\/en\/wp-json\/wp\/v2\/types\/post"}],"author":[{"embeddable":true,"href":"https:\/\/www.adventvinkovci.com\/en\/wp-json\/wp\/v2\/users\/6"}],"replies":[{"embeddable":true,"href":"https:\/\/www.adventvinkovci.com\/en\/wp-json\/wp\/v2\/comments?post=1000004274"}],"version-history":[{"count":0,"href":"https:\/\/www.adventvinkovci.com\/en\/wp-json\/wp\/v2\/posts\/1000004274\/revisions"}],"wp:featuredmedia":[{"embeddable":true,"href":"https:\/\/www.adventvinkovci.com\/en\/wp-json\/wp\/v2\/media\/1000004275"}],"wp:attachment":[{"href":"https:\/\/www.adventvinkovci.com\/en\/wp-json\/wp\/v2\/media?parent=1000004274"}],"wp:term":[{"taxonomy":"category","embeddable":true,"href":"https:\/\/www.adventvinkovci.com\/en\/wp-json\/wp\/v2\/categories?post=1000004274"},{"taxonomy":"post_tag","embeddable":true,"href":"https:\/\/www.adventvinkovci.com\/en\/wp-json\/wp\/v2\/tags?post=1000004274"}],"curies":[{"name":"wp","href":"https:\/\/api.w.org\/{rel}","templated":true}]}}