{"id":1000004321,"date":"2023-12-08T22:53:47","date_gmt":"2023-12-08T21:53:47","guid":{"rendered":"https:\/\/www.adventvinkovci.com\/?p=1000004321"},"modified":"2023-12-08T22:53:47","modified_gmt":"2023-12-08T21:53:47","slug":"otvoren-advent-u-vinkovcima-i-ledena-bajka-koja-ostavlja-bez-daha","status":"publish","type":"post","link":"https:\/\/www.adventvinkovci.com\/en\/otvoren-advent-u-vinkovcima-i-ledena-bajka-koja-ostavlja-bez-daha\/","title":{"rendered":"Otvoreno klizali\u0161te u Vinkovcima i Ledena bajka koja ostavlja bez daha"},"content":{"rendered":"<p style=\"text-align: justify;\" align=\"justify\"><em><strong>\u201cDobrodo\u0161li u Vinkovce, najstariji europski grad, dom Ledene bajke koja ostavlja bez daha<\/strong><strong>\u201d<\/strong><\/em>, pozdravljao je\u00a0 znati\u017eeljne posjetitelje odjeven u svoje tradicionalno \u0161oka\u010dko ruho snjegovi\u0107 Vinko. Okru\u017een odu\u0161evljenim dje\u010dacima i djevoj\u010dicama, spremno poziraju\u0107i pred brojnim objektivima, ovaj simpati\u010dni snjegovi\u0107 se vrlo brzo prometnuo u glavnu atrakciju adventske pri\u010de grada na Bosutu.<\/p>\n<p align=\"justify\"><a href=\"https:\/\/www.adventvinkovci.com\/wp-content\/uploads\/2023\/12\/IMG_3736-scaled.jpg\"><img loading=\"lazy\" decoding=\"async\" class=\"aligncenter size-large wp-image-1000004328\" src=\"https:\/\/www.adventvinkovci.com\/wp-content\/uploads\/2023\/12\/IMG_3736-1024x683.jpg\" alt=\"\" width=\"640\" height=\"427\" \/><\/a><\/p>\n<p align=\"justify\"><em><strong>&#8220;Ve\u010deras smo u otvorili klizali\u0161te u sklopu Adventa u Vinkovcima. Ovo \u010darobno mjesto pru\u017ea jednu neizmjernu radost na\u0161im najmla\u0111ima, ali i svima onima koji u\u017eivaju u zimskim \u010darolijama. Klizali\u0161te postaje sredi\u0161nje mjesto okupljanja obitelji gdje se zabavljaju i provode sa svojim najdra\u017eima, a oki\u0107eno je u najljep\u0161im blagdanskim bojama i kuglicama i na taj na\u010din stvara vizuru veselog Bo\u017ei\u0107a te nazamjenjive i neizbrisive slike kod djece i mladih&#8221;<\/strong><\/em>, kazao je zamjenik gradona\u010delnika Josip Romi\u0107 te pozvao sve posjetitelje da do\u0111u u Vinkovce i u\u017eivaju u \u0161armu na\u0161eg Adventa.<\/p>\n<p align=\"justify\"><a href=\"https:\/\/www.adventvinkovci.com\/wp-content\/uploads\/2023\/12\/IMG_3804-scaled.jpg\"><img loading=\"lazy\" decoding=\"async\" class=\"aligncenter size-large wp-image-1000004326\" src=\"https:\/\/www.adventvinkovci.com\/wp-content\/uploads\/2023\/12\/IMG_3804-1024x683.jpg\" alt=\"\" width=\"640\" height=\"427\" \/><\/a><\/p>\n<p style=\"text-align: justify;\" align=\"justify\">Pro\u0161logodi\u0161nji najljep\u0161i hrvatski advent ve\u010deras je zablistao punim sjajem, 40-metarsko klizali\u0161te smje\u0161teno na posebnoj lokaciji uz novu velebnu gradsku knji\u017enicu, u produ\u017eetku pje\u0161a\u010dke zone koja je i sama zasvijetlila tisu\u0107ama lampica, odu\u0161evilo je velike i male posjetitelje.<\/p>\n<p align=\"justify\">Susreli smo dje\u010daka Vitu koji je jedva do\u010dekao re\u0107i svoje mi\u0161ljenje.\u00a0<strong><em>\u201eHtio bih samo re\u0107i kako je ovdje zbilja zabavno, a najbolje mi je \u0161to ovdje nitko nije ljut i tu\u017ean\u201d<\/em> <\/strong>iskren je i simpati\u010dan odgovor na pitanje \u0161to mu se najvi\u0161e svi\u0111a ove godine. Na Advent je do\u0161ao s roditeljima i sestrom, a kako ka\u017ee, jedva \u010deka ku\u0161ati lango\u0161ice.<\/p>\n<p align=\"justify\"><a href=\"https:\/\/www.adventvinkovci.com\/wp-content\/uploads\/2023\/12\/IMG_3773-scaled.jpg\"><img loading=\"lazy\" decoding=\"async\" class=\"aligncenter size-large wp-image-1000004323\" src=\"https:\/\/www.adventvinkovci.com\/wp-content\/uploads\/2023\/12\/IMG_3773-1024x683.jpg\" alt=\"\" width=\"640\" height=\"427\" \/><\/a><\/p>\n<p align=\"justify\">Kakav je led na klizali\u0161tu, odmah su provjerile Magdalena i Iva koje su slo\u017eno rekle kako je atmosfera u gradu odli\u010dna, a iako nisu dugo klizale, va\u017ena je zabava i dru\u017eenje.<\/p>\n<p align=\"justify\"><a href=\"https:\/\/www.adventvinkovci.com\/wp-content\/uploads\/2023\/12\/IMG_3776-scaled.jpg\"><img loading=\"lazy\" decoding=\"async\" class=\"aligncenter size-large wp-image-1000004324\" src=\"https:\/\/www.adventvinkovci.com\/wp-content\/uploads\/2023\/12\/IMG_3776-1024x683.jpg\" alt=\"\" width=\"640\" height=\"427\" \/><\/a><\/p>\n<p>Sa svojim je prijateljima na Advent do\u0161ao i Luka koji je izrazito zadovoljan s ovogodi\u0161njom lokacijom. <em><strong>&#8220;Klizali smo se, ali tek je prvi dan, stoga jo\u0161 imamo puno vremena za u\u017eivanje&#8221;<\/strong><\/em>, istaknuo je.<\/p>\n<p><a href=\"https:\/\/www.adventvinkovci.com\/wp-content\/uploads\/2023\/12\/IMG_3788-scaled.jpg\"><img loading=\"lazy\" decoding=\"async\" class=\"aligncenter size-large wp-image-1000004325\" src=\"https:\/\/www.adventvinkovci.com\/wp-content\/uploads\/2023\/12\/IMG_3788-1024x683.jpg\" alt=\"\" width=\"640\" height=\"427\" \/><\/a><\/p>\n<p style=\"text-align: justify;\" align=\"justify\">Miris kuhanog vina, \u010daja s cimetom i doma\u0107ih bo\u017ei\u0107nih specijaliteta, \u0161areni sajam, \u017eive jaslice te dje\u010dje radionice i blagdanski koncerti, samo su dio zimske \u010darolije ovogodi\u0161njeg Adventa u Vinkovcima koji gra\u0111anima ovog grada i njihovim gostima u narednih mjesec dana nudi preko 30 raznih doga\u0111anja. Glazbeni program tradicionalno je bogat i raznolik, subotom \u0107e se tako odr\u017eavati koncerti duhovne glazbe, dok je petak rezerviran za zabavnu glazbu. Najve\u0107i glazbeni doga\u0111aj ipak je onaj na kojem Vinkovcima mogu pozavidjeti i puno ve\u0107i gradovi.<\/p>\n<p align=\"justify\"><a href=\"https:\/\/www.adventvinkovci.com\/wp-content\/uploads\/2023\/12\/IMG_3815-scaled.jpg\"><img loading=\"lazy\" decoding=\"async\" class=\"aligncenter size-large wp-image-1000004327\" src=\"https:\/\/www.adventvinkovci.com\/wp-content\/uploads\/2023\/12\/IMG_3815-1024x683.jpg\" alt=\"\" width=\"640\" height=\"427\" \/><\/a><\/p>\n<p style=\"text-align: justify;\" align=\"justify\">Blje\u0161tavilo lampica, zabava i sjajna atmosfera, ono su \u0161to \u0107e prvo privu\u0107i posjetitelje u neko mjesto u ovo blagdansko vrijeme. Sve to nudi i grad koji ovdje u kontinuitetu \u017eivi preko 8.000 godina, ali uz onu jednu bitnu razliku koja se ne mo\u017ee osmisliti i urediti.<\/p>\n<p style=\"text-align: justify;\" align=\"justify\">Jer vinkova\u010dki advent nisu samo lampice, klizali\u0161te i lepinjice, Advent u Vinkovcima je i onaj poseban osje\u0107aj stare Slavonije, tople, pobo\u017ene i tradicionalne, dobro\u0107udne u svoj svojoj ljepoti. Tra\u017ee\u0107i bo\u017ei\u0107ni duh djetinjstva kakvog pamtimo, ovdje ga mo\u017eemo prona\u0107i u svakoj upaljenoj svije\u0107i na velikom vijencu, u obiteljskoj ve\u010deri na Badnjak, polno\u0107ki i bo\u017ei\u0107nom ru\u010dku s najmilijima, u svakom osmijehu i pogledu prolaznika na korzu. Advent u Vinkovcima posebna je pri\u010da u srcima svih koji su ga barem jednom posjetili.<\/p>","protected":false},"excerpt":{"rendered":"<p>\u201cDobrodo\u0161li u Vinkovce, najstariji europski grad, dom Ledene bajke koja ostavlja bez daha\u201d, pozdravljao je\u00a0 znati\u017eeljne posjetitelje odjeven u svoje tradicionalno \u0161oka\u010dko ruho snjegovi\u0107 Vinko. Okru\u017een odu\u0161evljenim dje\u010dacima i djevoj\u010dicama, spremno poziraju\u0107i pred brojnim objektivima, ovaj simpati\u010dni snjegovi\u0107 se vrlo brzo prometnuo u glavnu atrakciju adventske pri\u010de grada na Bosutu. &#8220;Ve\u010deras smo u otvorili klizali\u0161te [&hellip;]<\/p>","protected":false},"author":6,"featured_media":1000004322,"comment_status":"closed","ping_status":"open","sticky":false,"template":"","format":"standard","meta":{"_et_pb_use_builder":"","_et_pb_old_content":"","_et_gb_content_width":"","footnotes":""},"categories":[2],"tags":[],"class_list":["post-1000004321","post","type-post","status-publish","format-standard","has-post-thumbnail","hentry","category-novosti"],"_links":{"self":[{"href":"https:\/\/www.adventvinkovci.com\/en\/wp-json\/wp\/v2\/posts\/1000004321","targetHints":{"allow":["GET"]}}],"collection":[{"href":"https:\/\/www.adventvinkovci.com\/en\/wp-json\/wp\/v2\/posts"}],"about":[{"href":"https:\/\/www.adventvinkovci.com\/en\/wp-json\/wp\/v2\/types\/post"}],"author":[{"embeddable":true,"href":"https:\/\/www.adventvinkovci.com\/en\/wp-json\/wp\/v2\/users\/6"}],"replies":[{"embeddable":true,"href":"https:\/\/www.adventvinkovci.com\/en\/wp-json\/wp\/v2\/comments?post=1000004321"}],"version-history":[{"count":0,"href":"https:\/\/www.adventvinkovci.com\/en\/wp-json\/wp\/v2\/posts\/1000004321\/revisions"}],"wp:featuredmedia":[{"embeddable":true,"href":"https:\/\/www.adventvinkovci.com\/en\/wp-json\/wp\/v2\/media\/1000004322"}],"wp:attachment":[{"href":"https:\/\/www.adventvinkovci.com\/en\/wp-json\/wp\/v2\/media?parent=1000004321"}],"wp:term":[{"taxonomy":"category","embeddable":true,"href":"https:\/\/www.adventvinkovci.com\/en\/wp-json\/wp\/v2\/categories?post=1000004321"},{"taxonomy":"post_tag","embeddable":true,"href":"https:\/\/www.adventvinkovci.com\/en\/wp-json\/wp\/v2\/tags?post=1000004321"}],"curies":[{"name":"wp","href":"https:\/\/api.w.org\/{rel}","templated":true}]}}