{"id":1000004332,"date":"2023-12-09T21:10:21","date_gmt":"2023-12-09T20:10:21","guid":{"rendered":"https:\/\/www.adventvinkovci.com\/?p=1000004332"},"modified":"2023-12-09T21:10:21","modified_gmt":"2023-12-09T20:10:21","slug":"jona-renic-orsolic-i-meri-garvanovic-upalili-drugu-adventsku-svijecu","status":"publish","type":"post","link":"https:\/\/www.adventvinkovci.com\/en\/jona-renic-orsolic-i-meri-garvanovic-upalili-drugu-adventsku-svijecu\/","title":{"rendered":"Jona Reni\u0107 Or\u0161oli\u0107 i Meri Garvanovi\u0107 upalili drugu adventsku svije\u0107u"},"content":{"rendered":"<p style=\"text-align: justify;\" align=\"justify\"><strong>Na adventskom vijencu u gradskom parku mladi \u017eupljani \u017dupe sv. Euzebija i Poliona, Jona Reni\u0107 Or\u0161oli\u0107 i Meri Garvanovi\u0107 ve\u010deras su upalili drugu svije\u0107u, svije\u0107u nade.<\/strong><\/p>\n<p style=\"text-align: justify;\" align=\"justify\">Vele\u010dasni Florijan Kvetek, \u017eupnik, rekao je kako svaka upaljena svije\u0107a donosi radost, a\u00a0 kad se pojavi u \u010dovjekovoj blizini, podsje\u0107a na Krista, njegovo svjetlo i toplinu.<\/p>\n<p style=\"text-align: justify;\" align=\"justify\"><em><strong>\u201eZa razliku od reflektora, svije\u0107a ne obasjava \u010ditav ljudski prostor. Kad se ona pribli\u017ei \u010dovjeku ili \u010dovjek njoj, ona obasjava samo njega. Posebno nas adventska svije\u0107a, svije\u0107a nade, usmjerava prema samome sebi da zanemarimo svijet, na\u0111emo onoga koji u nama neprestano pali tu nadu, \u017eivot, ljepotu i radost, a onda kad nas ta svije\u0107a nade ispuni i zahvati, kad se na neki na\u010din potro\u0161imo kao svije\u0107a, onda vjerujem da \u0107emo mo\u0107i svakom \u010dovjeku re\u0107i, budi hrabar, ne boj se, ne strahuj, podigni se, nisi jedino ti u te\u0161ko\u0107ama\u201d<\/strong><\/em>, poru\u010dio je dodav\u0161i kako su mnogi ljudi pro\u0161li Kristov kri\u017e s njim, pou\u010dili sebe i druge da nakon svake te\u0161ko\u0107e svakog kri\u017enog puta postoji Kristovo uskrsnu\u0107e.<\/p>\n<p align=\"justify\"><a href=\"https:\/\/www.adventvinkovci.com\/wp-content\/uploads\/2023\/12\/IMG_3860-scaled.jpg\"><img loading=\"lazy\" decoding=\"async\" class=\"aligncenter size-large wp-image-1000004339\" src=\"https:\/\/www.adventvinkovci.com\/wp-content\/uploads\/2023\/12\/IMG_3860-1024x683.jpg\" alt=\"\" width=\"640\" height=\"427\" \/><\/a><\/p>\n<p style=\"text-align: justify;\" align=\"justify\"><em><strong>\u201eTo je ona nada na koju je \u010dovjek pozvan \u017eivjeti, u njoj se nalaziti i onda svjedo\u010diti da mi kr\u0161\u0107ani u 21. stolje\u0107u uistinu budemo ljudi Kristovske nade\u201d<\/strong><\/em>, zaklju\u010dio je vele\u010dasni.<\/p>\n<p align=\"justify\"><a href=\"https:\/\/www.adventvinkovci.com\/wp-content\/uploads\/2023\/12\/IMG_3840-2-scaled.jpg\"><img loading=\"lazy\" decoding=\"async\" class=\"aligncenter size-large wp-image-1000004338\" src=\"https:\/\/www.adventvinkovci.com\/wp-content\/uploads\/2023\/12\/IMG_3840-2-1024x683.jpg\" alt=\"\" width=\"640\" height=\"427\" \/><\/a><\/p>\n<p style=\"text-align: justify;\" align=\"justify\">Gradona\u010delnik Ivan Bosan\u010di\u0107, tako\u0111er \u017eupljanin ove \u017eupe, kazao je kako je ovo najljep\u0161e vrijeme u godini, a u kojemu se isti\u010de zajedni\u0161tvo.<\/p>\n<p style=\"text-align: justify;\" align=\"justify\">\u201e<em><strong>Kroz \u017eupu, paljenje svije\u0107a i kroz na\u0161 Advent to pro\u017eivljavamo na poseban na\u010din, onaj pravi vinkova\u010dki gdje zajedni\u010dki \u017eelimo do\u010dekati Bo\u017ei\u0107\u201d<\/strong><\/em>, rekao je ovom prigodom.<\/p>\n<p align=\"justify\"><a href=\"https:\/\/www.adventvinkovci.com\/wp-content\/uploads\/2023\/12\/IMG_3850-scaled.jpg\"><img loading=\"lazy\" decoding=\"async\" class=\"aligncenter size-large wp-image-1000004340\" src=\"https:\/\/www.adventvinkovci.com\/wp-content\/uploads\/2023\/12\/IMG_3850-1024x683.jpg\" alt=\"\" width=\"640\" height=\"427\" \/><\/a><\/p>\n<p align=\"justify\"><a href=\"https:\/\/www.adventvinkovci.com\/wp-content\/uploads\/2023\/12\/IMG_3884-scaled.jpg\"><img loading=\"lazy\" decoding=\"async\" class=\"aligncenter size-large wp-image-1000004334\" src=\"https:\/\/www.adventvinkovci.com\/wp-content\/uploads\/2023\/12\/IMG_3884-1024x668.jpg\" alt=\"\" width=\"640\" height=\"418\" \/><\/a><\/p>","protected":false},"excerpt":{"rendered":"<p>Na adventskom vijencu u gradskom parku mladi \u017eupljani \u017dupe sv. Euzebija i Poliona, Jona Reni\u0107 Or\u0161oli\u0107 i Meri Garvanovi\u0107 ve\u010deras su upalili drugu svije\u0107u, svije\u0107u nade. Vele\u010dasni Florijan Kvetek, \u017eupnik, rekao je kako svaka upaljena svije\u0107a donosi radost, a\u00a0 kad se pojavi u \u010dovjekovoj blizini, podsje\u0107a na Krista, njegovo svjetlo i toplinu. \u201eZa razliku od [&hellip;]<\/p>","protected":false},"author":6,"featured_media":1000004337,"comment_status":"closed","ping_status":"open","sticky":false,"template":"","format":"standard","meta":{"_et_pb_use_builder":"","_et_pb_old_content":"","_et_gb_content_width":"","footnotes":""},"categories":[2],"tags":[],"class_list":["post-1000004332","post","type-post","status-publish","format-standard","has-post-thumbnail","hentry","category-novosti"],"_links":{"self":[{"href":"https:\/\/www.adventvinkovci.com\/en\/wp-json\/wp\/v2\/posts\/1000004332","targetHints":{"allow":["GET"]}}],"collection":[{"href":"https:\/\/www.adventvinkovci.com\/en\/wp-json\/wp\/v2\/posts"}],"about":[{"href":"https:\/\/www.adventvinkovci.com\/en\/wp-json\/wp\/v2\/types\/post"}],"author":[{"embeddable":true,"href":"https:\/\/www.adventvinkovci.com\/en\/wp-json\/wp\/v2\/users\/6"}],"replies":[{"embeddable":true,"href":"https:\/\/www.adventvinkovci.com\/en\/wp-json\/wp\/v2\/comments?post=1000004332"}],"version-history":[{"count":0,"href":"https:\/\/www.adventvinkovci.com\/en\/wp-json\/wp\/v2\/posts\/1000004332\/revisions"}],"wp:featuredmedia":[{"embeddable":true,"href":"https:\/\/www.adventvinkovci.com\/en\/wp-json\/wp\/v2\/media\/1000004337"}],"wp:attachment":[{"href":"https:\/\/www.adventvinkovci.com\/en\/wp-json\/wp\/v2\/media?parent=1000004332"}],"wp:term":[{"taxonomy":"category","embeddable":true,"href":"https:\/\/www.adventvinkovci.com\/en\/wp-json\/wp\/v2\/categories?post=1000004332"},{"taxonomy":"post_tag","embeddable":true,"href":"https:\/\/www.adventvinkovci.com\/en\/wp-json\/wp\/v2\/tags?post=1000004332"}],"curies":[{"name":"wp","href":"https:\/\/api.w.org\/{rel}","templated":true}]}}