{"id":1000004354,"date":"2023-12-14T17:00:46","date_gmt":"2023-12-14T16:00:46","guid":{"rendered":"https:\/\/www.adventvinkovci.com\/?p=1000004354"},"modified":"2023-12-14T17:00:46","modified_gmt":"2023-12-14T16:00:46","slug":"darujmo-lokalno-i-podrzimo-nase","status":"publish","type":"post","link":"https:\/\/www.adventvinkovci.com\/en\/darujmo-lokalno-i-podrzimo-nase\/","title":{"rendered":"Darujmo lokalno i podr\u017eimo na\u0161e"},"content":{"rendered":"<p style=\"text-align: justify;\" align=\"justify\"><strong>Sutra u Vinkovcima po\u010dinje Bo\u017ei\u0107ni sajam lokalnih poduzetnika, kreativaca i umjetnika, zami\u0161ljen kao trodnevno dru\u017eenje izlaga\u010da i gra\u0111anstva u prostoru Kavane gradske knji\u017enice, a posjetiti ga mo\u017eete od 10 do 20 sati sve do 17. prosinca.<\/strong><\/p>\n<p style=\"text-align: justify;\" align=\"justify\">Organizatorica sajma Ana Hrgov\u010di\u0107 vlasnica je male firme, a kako ka\u017ee, u Vinkovcima nije imala gdje prodavati svoje radove pa je shvatila kako nije jedina koja ima taj problem. <em><strong>\u201eVe\u0107ina izlaga\u010da ima svoje web shopove, prodaje po concept storeovima, poznata je i zanimljiva u ve\u0107im hrvatskim gradovima, no u Vinkovcima njihova popularnost izostaje\u201d<\/strong><\/em>, istaknula je dodav\u0161i kako je sajam nastao s idejom povezivanja doma\u0107ih poduzetnika s gra\u0111anima u cilju promocije i razmjene visokokvalitetnih proizvoda, ali i da gra\u0111ani za Bo\u017ei\u0107 poklanjaju jedinstvene poklone kupljene od vinkova\u010dkih firmi.<\/p>\n<p style=\"text-align: justify;\" align=\"justify\"><em><strong> \u201eNije samo tr\u017ei\u0161te proizvoda ve\u0107 i doga\u0111aj kojemu je cilj povezati zajednicu, skrenuti pa\u017enju na upornost i rad koji lokalni kreativci ula\u017eu u stvaranje minucioznih predmeta \u0161iroke namjene. Ujedno doprinosi ja\u010danju gospodarstva Vinkovaca poti\u010du\u0107i razvoj malih i srednjih poduzetnika te stvara lokalne radne prilike za na\u0161e sugra\u0111ane\u201d<\/strong><\/em>, isti\u010de ambiciozna Ana.<\/p>\n<p style=\"text-align: justify;\" align=\"justify\">Svoje radove predstavit \u0107e 15-ak poduzetnika iz grada, oni u \u010dijem se radu vidi strast, kreativnost i predanost kvalitetnoj izradi. <em><strong>\u201eIzabrali smo najbolje od najboljih, a na sajmu \u0107ete imati priliku kupiti vrlo kvalitetne proizvode. Prednost smo dali poduzetnicima s podru\u010dja grada, no na sajmu \u0107e se prona\u0107i i par izlaga\u010da iz \u0161ire okolice. Trudili smo se predstaviti raznolike proizvode stoga na sajmu imamo izlaga\u010de keramike, sapuna, plakata i postera, samoodr\u017eivih biljaka, \u017eenske i dje\u010dje odje\u0107e, jaslica, nakita, torbi, igra\u010daka za djecu i naravno alkohola\u201d<\/strong><\/em>, najavljuje.<\/p>\n<p style=\"text-align: justify;\" align=\"justify\"><em><strong> \u201eMislim da svi jedva \u010dekaju nova doga\u0111anja na kojima \u0107e mo\u0107i otkriti originalne proizvode i kupiti neku fora stvar o kojoj \u0107e mo\u0107i pri\u010dati na kavi s frendicama\u201d<\/strong><\/em>, istaknula je, a vjerujemo kako \u0107e biti velik odaziv Vinkov\u010dana koji \u0107e podr\u017eati rad svojih sugra\u0111ana.<\/p>\n<p align=\"justify\"><a href=\"https:\/\/www.adventvinkovci.com\/wp-content\/uploads\/2023\/12\/plakat_bozicni_sajam_2023_instagram_objava_1.png\"><img loading=\"lazy\" decoding=\"async\" class=\"aligncenter size-large wp-image-1000004355\" src=\"https:\/\/www.adventvinkovci.com\/wp-content\/uploads\/2023\/12\/plakat_bozicni_sajam_2023_instagram_objava_1-1024x1024.png\" alt=\"\" width=\"640\" height=\"640\" \/><\/a><\/p>","protected":false},"excerpt":{"rendered":"<p>Sutra u Vinkovcima po\u010dinje Bo\u017ei\u0107ni sajam lokalnih poduzetnika, kreativaca i umjetnika, zami\u0161ljen kao trodnevno dru\u017eenje izlaga\u010da i gra\u0111anstva u prostoru Kavane gradske knji\u017enice, a posjetiti ga mo\u017eete od 10 do 20 sati sve do 17. prosinca. Organizatorica sajma Ana Hrgov\u010di\u0107 vlasnica je male firme, a kako ka\u017ee, u Vinkovcima nije imala gdje prodavati svoje radove [&hellip;]<\/p>","protected":false},"author":6,"featured_media":1000004356,"comment_status":"closed","ping_status":"open","sticky":false,"template":"","format":"standard","meta":{"_et_pb_use_builder":"","_et_pb_old_content":"","_et_gb_content_width":"","footnotes":""},"categories":[2],"tags":[],"class_list":["post-1000004354","post","type-post","status-publish","format-standard","has-post-thumbnail","hentry","category-novosti"],"_links":{"self":[{"href":"https:\/\/www.adventvinkovci.com\/en\/wp-json\/wp\/v2\/posts\/1000004354","targetHints":{"allow":["GET"]}}],"collection":[{"href":"https:\/\/www.adventvinkovci.com\/en\/wp-json\/wp\/v2\/posts"}],"about":[{"href":"https:\/\/www.adventvinkovci.com\/en\/wp-json\/wp\/v2\/types\/post"}],"author":[{"embeddable":true,"href":"https:\/\/www.adventvinkovci.com\/en\/wp-json\/wp\/v2\/users\/6"}],"replies":[{"embeddable":true,"href":"https:\/\/www.adventvinkovci.com\/en\/wp-json\/wp\/v2\/comments?post=1000004354"}],"version-history":[{"count":0,"href":"https:\/\/www.adventvinkovci.com\/en\/wp-json\/wp\/v2\/posts\/1000004354\/revisions"}],"wp:featuredmedia":[{"embeddable":true,"href":"https:\/\/www.adventvinkovci.com\/en\/wp-json\/wp\/v2\/media\/1000004356"}],"wp:attachment":[{"href":"https:\/\/www.adventvinkovci.com\/en\/wp-json\/wp\/v2\/media?parent=1000004354"}],"wp:term":[{"taxonomy":"category","embeddable":true,"href":"https:\/\/www.adventvinkovci.com\/en\/wp-json\/wp\/v2\/categories?post=1000004354"},{"taxonomy":"post_tag","embeddable":true,"href":"https:\/\/www.adventvinkovci.com\/en\/wp-json\/wp\/v2\/tags?post=1000004354"}],"curies":[{"name":"wp","href":"https:\/\/api.w.org\/{rel}","templated":true}]}}