{"id":1000004822,"date":"2024-11-30T22:01:43","date_gmt":"2024-11-30T21:01:43","guid":{"rendered":"https:\/\/www.adventvinkovci.com\/?p=1000004822"},"modified":"2024-11-30T23:11:47","modified_gmt":"2024-11-30T22:11:47","slug":"upaljena-prva-adventska-svijeca-3","status":"publish","type":"post","link":"https:\/\/www.adventvinkovci.com\/en\/upaljena-prva-adventska-svijeca-3\/","title":{"rendered":"Ivan \u0160emperovi\u0107 upalio 1. vinkova\u010dku adventsku svije\u0107u"},"content":{"rendered":"<p style=\"text-align: justify;\">U programu Adventa u Vinkovcima ve\u010deras je na velikom adventskom vijencu u sredi\u0161njem gradskom parku upaljena prva adventska svije\u0107a. Uz prigodna \u010ditanja i poruke prvu adventsku svije\u0107u upalili su \u017eupljani <strong>\u017dupe sv. Vinka Pallottija<\/strong> koji su u park iz svoje \u017eupe do\u0161li u procesiji pro\u0161av\u0161i kroz grad uz molitvu i pjesmu.<\/p>\n<p><img loading=\"lazy\" decoding=\"async\" class=\"alignnone size-full wp-image-1000004824\" src=\"https:\/\/www.adventvinkovci.com\/wp-content\/uploads\/2024\/11\/IMG_0435.jpg\" alt=\"\" width=\"1620\" height=\"1080\" srcset=\"https:\/\/www.adventvinkovci.com\/wp-content\/uploads\/2024\/11\/IMG_0435.jpg 1620w, https:\/\/www.adventvinkovci.com\/wp-content\/uploads\/2024\/11\/IMG_0435-1280x853.jpg 1280w, https:\/\/www.adventvinkovci.com\/wp-content\/uploads\/2024\/11\/IMG_0435-980x653.jpg 980w, https:\/\/www.adventvinkovci.com\/wp-content\/uploads\/2024\/11\/IMG_0435-480x320.jpg 480w\" sizes=\"(min-width: 0px) and (max-width: 480px) 480px, (min-width: 481px) and (max-width: 980px) 980px, (min-width: 981px) and (max-width: 1280px) 1280px, (min-width: 1281px) 1620px, 100vw\" \/><\/p>\n<p style=\"text-align: justify;\">Prvu svije\u0107u je upalio <strong>Ivan \u0160emperovi\u0107<\/strong>, a poruku uz Do\u0161a\u0161\u0107e i nadolaze\u0107i Bo\u017ei\u0107 uputio je <strong>pater Ilija Sudar<\/strong>, \u017eupnik \u017dupe sv. Vinka Pallottija.<\/p>\n<p><img loading=\"lazy\" decoding=\"async\" class=\"alignnone size-full wp-image-1000004825\" src=\"https:\/\/www.adventvinkovci.com\/wp-content\/uploads\/2024\/11\/IMG_0425.jpg\" alt=\"\" width=\"1620\" height=\"1080\" srcset=\"https:\/\/www.adventvinkovci.com\/wp-content\/uploads\/2024\/11\/IMG_0425.jpg 1620w, https:\/\/www.adventvinkovci.com\/wp-content\/uploads\/2024\/11\/IMG_0425-1280x853.jpg 1280w, https:\/\/www.adventvinkovci.com\/wp-content\/uploads\/2024\/11\/IMG_0425-980x653.jpg 980w, https:\/\/www.adventvinkovci.com\/wp-content\/uploads\/2024\/11\/IMG_0425-480x320.jpg 480w\" sizes=\"(min-width: 0px) and (max-width: 480px) 480px, (min-width: 481px) and (max-width: 980px) 980px, (min-width: 981px) and (max-width: 1280px) 1280px, (min-width: 1281px) 1620px, 100vw\" \/><\/p>\n<p style=\"text-align: justify;\"><strong>\u201ePrva svije\u0107a se zove svije\u0107om vjere i nade, odnosno po\u010desto samo nade, ali adventske svije\u0107e bez vjere ni\u0161ta ne bi zna\u010dile, ne bi ni bilo Adventa bez vjere. \u017delim sve potaknuti i pozvati da u vjeri imaju nadu, a onda da se iz te nade stvara mir, ljubav i da na kraju zavr\u0161imo radosno slave\u0107i Bo\u017ei\u0107. On je u jedan veoma zna\u010dajan dan za na\u0161u vjeru. Poti\u010de nas da ostvarujemo ono zapo\u010deto od Boga, da prihva\u0107amo jedni druge u ljubavi, da podnosimo sve \u017eivotne te\u0161ko\u0107e jer znamo da se isplati za vje\u010dan \u017eivot. Dati sve, dati \u017eivot kao \u0161to je Krist dao svoj \u017eivot za na\u0161e spasenje, tako se trebamo brinuti za svoje i spasenje svojih bli\u017enjih. Neka nam dani pred nama budu poticaj da produbimo vjeru i idemo prema kona\u010dnoj radosti, do\u010deku Krista\u201d<\/strong>, kazao je pater Ilija.<\/p>\n<p style=\"text-align: justify;\">Me\u0111u onima koji su procesiju do\u010dekali uz adventski vijenac bio je i gradona\u010delnik Vinkovaca<strong> Ivan Bosan\u010di\u0107<\/strong>.<\/p>\n<p><img loading=\"lazy\" decoding=\"async\" class=\"alignnone size-full wp-image-1000004826\" src=\"https:\/\/www.adventvinkovci.com\/wp-content\/uploads\/2024\/11\/IMG_0430.jpg\" alt=\"\" width=\"1620\" height=\"1080\" srcset=\"https:\/\/www.adventvinkovci.com\/wp-content\/uploads\/2024\/11\/IMG_0430.jpg 1620w, https:\/\/www.adventvinkovci.com\/wp-content\/uploads\/2024\/11\/IMG_0430-1280x853.jpg 1280w, https:\/\/www.adventvinkovci.com\/wp-content\/uploads\/2024\/11\/IMG_0430-980x653.jpg 980w, https:\/\/www.adventvinkovci.com\/wp-content\/uploads\/2024\/11\/IMG_0430-480x320.jpg 480w\" sizes=\"(min-width: 0px) and (max-width: 480px) 480px, (min-width: 481px) and (max-width: 980px) 980px, (min-width: 981px) and (max-width: 1280px) 1280px, (min-width: 1281px) 1620px, 100vw\" \/><\/p>\n<p style=\"text-align: justify;\"><strong>\u201eLijepo je da ovu na\u0161u vinkova\u010dku tradiciju na ovakav na\u010din zajedno s na\u0161im \u017eupama provodimo kako bismo u\u0161li u adventsko vrijeme i tako se pripremili za Bo\u017ei\u0107 na najbolji mogu\u0107i na\u010din, uz pjesmu, molitvu, dru\u017eenje s obitelji i najdra\u017eima&#8221;<\/strong>, istaknuo je <strong>gradona\u010delnik Bosan\u010di\u0107.<\/strong><\/p>\n<p><img loading=\"lazy\" decoding=\"async\" class=\"alignnone size-full wp-image-1000004827\" src=\"https:\/\/www.adventvinkovci.com\/wp-content\/uploads\/2024\/11\/IMG_0477.jpg\" alt=\"\" width=\"1620\" height=\"1080\" srcset=\"https:\/\/www.adventvinkovci.com\/wp-content\/uploads\/2024\/11\/IMG_0477.jpg 1620w, https:\/\/www.adventvinkovci.com\/wp-content\/uploads\/2024\/11\/IMG_0477-1280x853.jpg 1280w, https:\/\/www.adventvinkovci.com\/wp-content\/uploads\/2024\/11\/IMG_0477-980x653.jpg 980w, https:\/\/www.adventvinkovci.com\/wp-content\/uploads\/2024\/11\/IMG_0477-480x320.jpg 480w\" sizes=\"(min-width: 0px) and (max-width: 480px) 480px, (min-width: 481px) and (max-width: 980px) 980px, (min-width: 981px) and (max-width: 1280px) 1280px, (min-width: 1281px) 1620px, 100vw\" \/><\/p>\n<p style=\"text-align: justify;\"><a name=\"_GoBack\"><\/a>Dobro raspolo\u017eenje na klizali\u0161tu i na prostoru oko njega ve\u010deras je nastavljeno je i nakon sve\u010danosti paljenja prve adventske svije\u0107e. <strong>Dje\u010dji zborovi vinkova\u010dkih osnovnih \u0161kola predstavili su bo\u017ei\u0107ne pjesme koje su uvje\u017ebali u svojim \u0161kolama. <\/strong><\/p>\n<p style=\"text-align: justify;\">","protected":false},"excerpt":{"rendered":"<p>U programu Adventa u Vinkovcima ve\u010deras je na velikom adventskom vijencu u sredi\u0161njem gradskom parku upaljena prva adventska svije\u0107a. Uz prigodna \u010ditanja i poruke prvu adventsku svije\u0107u upalili su \u017eupljani \u017dupe sv. Vinka Pallottija koji su u park iz svoje \u017eupe do\u0161li u procesiji pro\u0161av\u0161i kroz grad uz molitvu i pjesmu. Prvu svije\u0107u je upalio [&hellip;]<\/p>","protected":false},"author":7,"featured_media":1000004823,"comment_status":"closed","ping_status":"closed","sticky":false,"template":"","format":"standard","meta":{"_et_pb_use_builder":"","_et_pb_old_content":"","_et_gb_content_width":"","footnotes":""},"categories":[2],"tags":[53,54,57,56,55],"class_list":["post-1000004822","post","type-post","status-publish","format-standard","has-post-thumbnail","hentry","category-novosti","tag-1-adventska-svijeca","tag-54","tag-ivan-semperovic","tag-o-ilija-sudar","tag-zupa-sv-vinka-pallottija"],"_links":{"self":[{"href":"https:\/\/www.adventvinkovci.com\/en\/wp-json\/wp\/v2\/posts\/1000004822","targetHints":{"allow":["GET"]}}],"collection":[{"href":"https:\/\/www.adventvinkovci.com\/en\/wp-json\/wp\/v2\/posts"}],"about":[{"href":"https:\/\/www.adventvinkovci.com\/en\/wp-json\/wp\/v2\/types\/post"}],"author":[{"embeddable":true,"href":"https:\/\/www.adventvinkovci.com\/en\/wp-json\/wp\/v2\/users\/7"}],"replies":[{"embeddable":true,"href":"https:\/\/www.adventvinkovci.com\/en\/wp-json\/wp\/v2\/comments?post=1000004822"}],"version-history":[{"count":3,"href":"https:\/\/www.adventvinkovci.com\/en\/wp-json\/wp\/v2\/posts\/1000004822\/revisions"}],"predecessor-version":[{"id":1000004830,"href":"https:\/\/www.adventvinkovci.com\/en\/wp-json\/wp\/v2\/posts\/1000004822\/revisions\/1000004830"}],"wp:featuredmedia":[{"embeddable":true,"href":"https:\/\/www.adventvinkovci.com\/en\/wp-json\/wp\/v2\/media\/1000004823"}],"wp:attachment":[{"href":"https:\/\/www.adventvinkovci.com\/en\/wp-json\/wp\/v2\/media?parent=1000004822"}],"wp:term":[{"taxonomy":"category","embeddable":true,"href":"https:\/\/www.adventvinkovci.com\/en\/wp-json\/wp\/v2\/categories?post=1000004822"},{"taxonomy":"post_tag","embeddable":true,"href":"https:\/\/www.adventvinkovci.com\/en\/wp-json\/wp\/v2\/tags?post=1000004822"}],"curies":[{"name":"wp","href":"https:\/\/api.w.org\/{rel}","templated":true}]}}