{"id":1000004915,"date":"2024-12-13T20:21:38","date_gmt":"2024-12-13T19:21:38","guid":{"rendered":"https:\/\/www.adventvinkovci.com\/?p=1000004915"},"modified":"2024-12-16T14:38:49","modified_gmt":"2024-12-16T13:38:49","slug":"proizvodima-s-bozicnog-sajma-razveselite-svoje-najmilije","status":"publish","type":"post","link":"https:\/\/www.adventvinkovci.com\/en\/proizvodima-s-bozicnog-sajma-razveselite-svoje-najmilije\/","title":{"rendered":"Suvenirima s Bo\u017ei\u0107nog sajma razveselite svoje bli\u017enje"},"content":{"rendered":"<p align=\"justify\">Advent u Vinkovcima i ove godine svojim posjetiteljima nudi Bo\u017ei\u0107ni sajam kojega organizira Turisti\u010dka zajednica grada Vinkovaca. Idealna je to prilika da prigodnim poklonima i suvenirima tijekom bo\u017ei\u0107nog razdoblja razveselite bli\u017enje, a svoje proizvode ovoga puta nudi sedam izlaga\u010da.<\/p>\n<p align=\"justify\">Na sajmu je ve\u0107 tre\u0107i put Mirjana Huber iz Doma\u0107e radinosti. Kako nam je sama rekla, zadovoljna je s prva dva izdanja na kojima je bila, a nada se da \u0107e tako pro\u0107i i ove godine. <strong>\u201eNudimo svega po malo \u2013 nau\u0161nice, ogrlice, narukvice, magnete, privjeske, bo\u017ei\u0107ne patuljke i druge stvari. Za svakoga se mo\u017ee prona\u0107i ne\u0161to\u201d,<\/strong> poru\u010dila je.<\/p>\n<p align=\"justify\"><img loading=\"lazy\" decoding=\"async\" class=\"alignnone size-full wp-image-1000004921\" src=\"https:\/\/www.adventvinkovci.com\/wp-content\/uploads\/2024\/12\/IMG_1832-1-scaled.jpg\" alt=\"\" width=\"2560\" height=\"1920\" srcset=\"https:\/\/www.adventvinkovci.com\/wp-content\/uploads\/2024\/12\/IMG_1832-1-scaled.jpg 2560w, https:\/\/www.adventvinkovci.com\/wp-content\/uploads\/2024\/12\/IMG_1832-1-1280x960.jpg 1280w, https:\/\/www.adventvinkovci.com\/wp-content\/uploads\/2024\/12\/IMG_1832-1-980x735.jpg 980w, https:\/\/www.adventvinkovci.com\/wp-content\/uploads\/2024\/12\/IMG_1832-1-480x360.jpg 480w\" sizes=\"(min-width: 0px) and (max-width: 480px) 480px, (min-width: 481px) and (max-width: 980px) 980px, (min-width: 981px) and (max-width: 1280px) 1280px, (min-width: 1281px) 2560px, 100vw\" \/><\/p>\n<p align=\"justify\">Prvi put na Bo\u017ei\u0107nom sajmu ove godine je Ivan Novak ispred svog OPG-a pod nazivom HempIlok. Dvije godine bave se uzgojem i preradom industrijske konoplje, a zanimljivo je da su u 2023. godini nagra\u0111eni nagradom za najmirisnije cvjetove. <strong>\u201eNa sajmu nudimo \u010dajeve, kapi, ulja, \u010dokoladice, masti, balzame, cvjetove i meleme. Sve je zdravo, prirodni je sedativ, a na\u0161i proizvodi u malim koli\u010dinama opu\u0161taju tijelo, umanjuje stres te popravljaju fokus i raspolo\u017eenje. U ve\u0107im koli\u010dinama nema boljeg i prirodnijeg rje\u0161enja za nesanicu\u201d,<\/strong> istaknuo je Novak.<\/p>\n<p align=\"justify\"><img loading=\"lazy\" decoding=\"async\" class=\"alignnone size-full wp-image-1000004916\" src=\"https:\/\/www.adventvinkovci.com\/wp-content\/uploads\/2024\/12\/IMG_1828-scaled.jpg\" alt=\"\" width=\"2560\" height=\"1920\" srcset=\"https:\/\/www.adventvinkovci.com\/wp-content\/uploads\/2024\/12\/IMG_1828-scaled.jpg 2560w, https:\/\/www.adventvinkovci.com\/wp-content\/uploads\/2024\/12\/IMG_1828-1280x960.jpg 1280w, https:\/\/www.adventvinkovci.com\/wp-content\/uploads\/2024\/12\/IMG_1828-980x735.jpg 980w, https:\/\/www.adventvinkovci.com\/wp-content\/uploads\/2024\/12\/IMG_1828-480x360.jpg 480w\" sizes=\"(min-width: 0px) and (max-width: 480px) 480px, (min-width: 481px) and (max-width: 980px) 980px, (min-width: 981px) and (max-width: 1280px) 1280px, (min-width: 1281px) 2560px, 100vw\" \/> <img loading=\"lazy\" decoding=\"async\" class=\"alignnone size-full wp-image-1000004917\" src=\"https:\/\/www.adventvinkovci.com\/wp-content\/uploads\/2024\/12\/IMG_1840-1-scaled.jpg\" alt=\"\" width=\"2560\" height=\"1920\" srcset=\"https:\/\/www.adventvinkovci.com\/wp-content\/uploads\/2024\/12\/IMG_1840-1-scaled.jpg 2560w, https:\/\/www.adventvinkovci.com\/wp-content\/uploads\/2024\/12\/IMG_1840-1-1280x960.jpg 1280w, https:\/\/www.adventvinkovci.com\/wp-content\/uploads\/2024\/12\/IMG_1840-1-980x735.jpg 980w, https:\/\/www.adventvinkovci.com\/wp-content\/uploads\/2024\/12\/IMG_1840-1-480x360.jpg 480w\" sizes=\"(min-width: 0px) and (max-width: 480px) 480px, (min-width: 481px) and (max-width: 980px) 980px, (min-width: 981px) and (max-width: 1280px) 1280px, (min-width: 1281px) 2560px, 100vw\" \/><\/p>\n<p align=\"justify\">Ni\u0161ta ne mo\u017ee pro\u0107i ni bez meda kojega nudi OPG Ivan Pasari\u0107 iz Jarmine, no nije med jedino \u0161to ove godine prodaju. <strong>\u201eOvo nam je prva godina ovdje, ve\u0107inom nudimo med, ali imamo vo\u0161tane svije\u0107e i propolis. Tijekom ova dva vikenda svakako se nadamo najboljem, a kasnije \u0107emo ipak donositi zaklju\u010dke\u201d,<\/strong> kazao je.<\/p>\n<p align=\"justify\"><img loading=\"lazy\" decoding=\"async\" class=\"alignnone size-full wp-image-1000004918\" src=\"https:\/\/www.adventvinkovci.com\/wp-content\/uploads\/2024\/12\/IMG_1843-scaled.jpg\" alt=\"\" width=\"2560\" height=\"1920\" srcset=\"https:\/\/www.adventvinkovci.com\/wp-content\/uploads\/2024\/12\/IMG_1843-scaled.jpg 2560w, https:\/\/www.adventvinkovci.com\/wp-content\/uploads\/2024\/12\/IMG_1843-1280x960.jpg 1280w, https:\/\/www.adventvinkovci.com\/wp-content\/uploads\/2024\/12\/IMG_1843-980x735.jpg 980w, https:\/\/www.adventvinkovci.com\/wp-content\/uploads\/2024\/12\/IMG_1843-480x360.jpg 480w\" sizes=\"(min-width: 0px) and (max-width: 480px) 480px, (min-width: 481px) and (max-width: 980px) 980px, (min-width: 981px) and (max-width: 1280px) 1280px, (min-width: 1281px) 2560px, 100vw\" \/><\/p>\n<p align=\"justify\">Odli\u010dan poklon pod bor svakako bi bio poneki rekvizit HNK Cibalia Vinkovci. Na njihovom \u0161tandu mo\u017eete prona\u0107i dres, \u0161alove, kape, \u0161alice, vino, knjige, ukrase za bor i jo\u0161 pone\u0161to. Tako\u0111er, i na ovome mjestu mo\u017eete se u\u010dlaniti u klub.<\/p>\n<p align=\"justify\"><img loading=\"lazy\" decoding=\"async\" class=\"alignnone size-full wp-image-1000004920\" src=\"https:\/\/www.adventvinkovci.com\/wp-content\/uploads\/2024\/12\/IMG_1837-scaled.jpg\" alt=\"\" width=\"2560\" height=\"1920\" srcset=\"https:\/\/www.adventvinkovci.com\/wp-content\/uploads\/2024\/12\/IMG_1837-scaled.jpg 2560w, https:\/\/www.adventvinkovci.com\/wp-content\/uploads\/2024\/12\/IMG_1837-1280x960.jpg 1280w, https:\/\/www.adventvinkovci.com\/wp-content\/uploads\/2024\/12\/IMG_1837-980x735.jpg 980w, https:\/\/www.adventvinkovci.com\/wp-content\/uploads\/2024\/12\/IMG_1837-480x360.jpg 480w\" sizes=\"(min-width: 0px) and (max-width: 480px) 480px, (min-width: 481px) and (max-width: 980px) 980px, (min-width: 981px) and (max-width: 1280px) 1280px, (min-width: 1281px) 2560px, 100vw\" \/><\/p>\n<p align=\"justify\">Sajam ovoga puta mo\u017eete prona\u0107i na drugoj lokaciji, odnosno u za\u0161ti\u0107enom prolazu (haustoru) Gradske knji\u017enice i \u010ditaonice Vinkovci. Sajam mo\u017eete prona\u0107i od ve\u010deras do nedjelje, kao i idu\u0107eg vikenda, to\u010dnije od 20. do 22. prosinca. <strong>\u201eNa\u0161 cilj je u\u010diniti Advent u Vinkovcima mjestom gdje svatko osjeti \u010daroliju. Pozivamo sve da napi\u0161u svoje \u017eelje i ostave ih Djeda Bo\u017ei\u0107njaku jer nikad se ne zna, mo\u017eda se upravo ove godine neka od njih ostvari\u201d,<\/strong> zaklju\u010dila je direktorica Turisti\u010dke zajednice grada Vinkovaca, Martina Matkovi\u0107.<\/p>","protected":false},"excerpt":{"rendered":"<p>Advent u Vinkovcima i ove godine svojim posjetiteljima nudi Bo\u017ei\u0107ni sajam kojega organizira Turisti\u010dka zajednica grada Vinkovaca. Idealna je to prilika da prigodnim poklonima i suvenirima tijekom bo\u017ei\u0107nog razdoblja razveselite bli\u017enje, a svoje proizvode ovoga puta nudi sedam izlaga\u010da. Na sajmu je ve\u0107 tre\u0107i put Mirjana Huber iz Doma\u0107e radinosti. Kako nam je sama rekla, [&hellip;]<\/p>","protected":false},"author":7,"featured_media":1000004928,"comment_status":"closed","ping_status":"closed","sticky":false,"template":"","format":"standard","meta":{"_et_pb_use_builder":"","_et_pb_old_content":"","_et_gb_content_width":"","footnotes":""},"categories":[2],"tags":[61],"class_list":["post-1000004915","post","type-post","status-publish","format-standard","has-post-thumbnail","hentry","category-novosti","tag-tz-vinkovci"],"_links":{"self":[{"href":"https:\/\/www.adventvinkovci.com\/en\/wp-json\/wp\/v2\/posts\/1000004915","targetHints":{"allow":["GET"]}}],"collection":[{"href":"https:\/\/www.adventvinkovci.com\/en\/wp-json\/wp\/v2\/posts"}],"about":[{"href":"https:\/\/www.adventvinkovci.com\/en\/wp-json\/wp\/v2\/types\/post"}],"author":[{"embeddable":true,"href":"https:\/\/www.adventvinkovci.com\/en\/wp-json\/wp\/v2\/users\/7"}],"replies":[{"embeddable":true,"href":"https:\/\/www.adventvinkovci.com\/en\/wp-json\/wp\/v2\/comments?post=1000004915"}],"version-history":[{"count":5,"href":"https:\/\/www.adventvinkovci.com\/en\/wp-json\/wp\/v2\/posts\/1000004915\/revisions"}],"predecessor-version":[{"id":1000004929,"href":"https:\/\/www.adventvinkovci.com\/en\/wp-json\/wp\/v2\/posts\/1000004915\/revisions\/1000004929"}],"wp:featuredmedia":[{"embeddable":true,"href":"https:\/\/www.adventvinkovci.com\/en\/wp-json\/wp\/v2\/media\/1000004928"}],"wp:attachment":[{"href":"https:\/\/www.adventvinkovci.com\/en\/wp-json\/wp\/v2\/media?parent=1000004915"}],"wp:term":[{"taxonomy":"category","embeddable":true,"href":"https:\/\/www.adventvinkovci.com\/en\/wp-json\/wp\/v2\/categories?post=1000004915"},{"taxonomy":"post_tag","embeddable":true,"href":"https:\/\/www.adventvinkovci.com\/en\/wp-json\/wp\/v2\/tags?post=1000004915"}],"curies":[{"name":"wp","href":"https:\/\/api.w.org\/{rel}","templated":true}]}}