{"id":1000004932,"date":"2024-12-14T22:06:42","date_gmt":"2024-12-14T21:06:42","guid":{"rendered":"https:\/\/www.adventvinkovci.com\/?p=1000004932"},"modified":"2024-12-14T22:06:42","modified_gmt":"2024-12-14T21:06:42","slug":"sestre-mika-i-rita-renic-orsolic-upalile-trecu-adventsku-svijecu","status":"publish","type":"post","link":"https:\/\/www.adventvinkovci.com\/en\/sestre-mika-i-rita-renic-orsolic-upalile-trecu-adventsku-svijecu\/","title":{"rendered":"Sestre Mika i Rita Reni\u0107 Or\u0161oli\u0107 upalile tre\u0107u adventsku svije\u0107u"},"content":{"rendered":"<p style=\"text-align: justify;\">Na adventskom vijencu u gradskom parku \u017eupljani <strong>\u017dupe sv. Euzebija i Poliona<\/strong> ve\u010deras su upalili tre\u0107u svije\u0107u. Ova svije\u0107a unijela je posebno veselje me\u0111u okupljene vjernike kroz molitvu i pjesmu te nas sve poziva da se veselimo jer imamo obitelj i prijatelje te dobro zdravlje.<\/p>\n<p><img loading=\"lazy\" decoding=\"async\" class=\"alignnone size-full wp-image-1000004935\" src=\"https:\/\/www.adventvinkovci.com\/wp-content\/uploads\/2024\/12\/DSC01696-scaled.jpg\" alt=\"\" width=\"2560\" height=\"1707\" srcset=\"https:\/\/www.adventvinkovci.com\/wp-content\/uploads\/2024\/12\/DSC01696-scaled.jpg 2560w, https:\/\/www.adventvinkovci.com\/wp-content\/uploads\/2024\/12\/DSC01696-1280x854.jpg 1280w, https:\/\/www.adventvinkovci.com\/wp-content\/uploads\/2024\/12\/DSC01696-980x653.jpg 980w, https:\/\/www.adventvinkovci.com\/wp-content\/uploads\/2024\/12\/DSC01696-480x320.jpg 480w\" sizes=\"(min-width: 0px) and (max-width: 480px) 480px, (min-width: 481px) and (max-width: 980px) 980px, (min-width: 981px) and (max-width: 1280px) 1280px, (min-width: 1281px) 2560px, 100vw\" \/><\/p>\n<p style=\"text-align: justify;\"><strong>Antonio Peki\u0107, \u017eupni vikar u \u017eupnoj crkvi Svetih Euzebija i Poliona<\/strong> u Vinkovcima naglasio je kako ljubav i milosr\u0111e trebamo dijeliti iz srca, bez ra\u010dunice odnosno uvjeta.<\/p>\n<p style=\"text-align: justify;\"><strong>\u201cAdventska svije\u0107a podsje\u0107a nas na va\u017enost dijeljenja ljubavi i milosr\u0111a, koje ne treba vezivati za o\u010dekivanje uzvrata, ve\u0107 ih nesebi\u010dno pru\u017eati bli\u017enjima\u201d<\/strong>, poru\u010dio je.<\/p>\n<p><img loading=\"lazy\" decoding=\"async\" class=\"alignnone size-full wp-image-1000004934\" src=\"https:\/\/www.adventvinkovci.com\/wp-content\/uploads\/2024\/12\/DSC01735-scaled.jpg\" alt=\"\" width=\"2560\" height=\"1707\" srcset=\"https:\/\/www.adventvinkovci.com\/wp-content\/uploads\/2024\/12\/DSC01735-scaled.jpg 2560w, https:\/\/www.adventvinkovci.com\/wp-content\/uploads\/2024\/12\/DSC01735-1280x854.jpg 1280w, https:\/\/www.adventvinkovci.com\/wp-content\/uploads\/2024\/12\/DSC01735-980x653.jpg 980w, https:\/\/www.adventvinkovci.com\/wp-content\/uploads\/2024\/12\/DSC01735-480x320.jpg 480w\" sizes=\"(min-width: 0px) and (max-width: 480px) 480px, (min-width: 481px) and (max-width: 980px) 980px, (min-width: 981px) and (max-width: 1280px) 1280px, (min-width: 1281px) 2560px, 100vw\" \/><\/p>\n<p>Tre\u0107u adventsku svije\u0107u upalile su sestre <strong>Mika i Rita Reni\u0107 Or\u0161oli\u0107<\/strong>, male \u017eupljanke \u017dupe sv. Euzebija i Poliona.<\/p>\n<p style=\"text-align: justify;\">Paljenju svije\u0107a u ime Grada nazo\u010dio je dogradona\u010delnik Josip Romi\u0107.<\/p>\n<p style=\"text-align: justify;\"><strong>\u201cPaljenje tre\u0107e adventske svije\u0107e prilika je da se prisjetimo vrijednosti koje nas povezuju i potaknemo jedni druge na \u010dinjenje dobrih djela u na\u0161oj zajednici\u201d<\/strong>, istaknuo je Romi\u0107.<\/p>\n<p><img loading=\"lazy\" decoding=\"async\" class=\"alignnone size-full wp-image-1000004936\" src=\"https:\/\/www.adventvinkovci.com\/wp-content\/uploads\/2024\/12\/DSC01747-scaled.jpg\" alt=\"\" width=\"2560\" height=\"1707\" srcset=\"https:\/\/www.adventvinkovci.com\/wp-content\/uploads\/2024\/12\/DSC01747-scaled.jpg 2560w, https:\/\/www.adventvinkovci.com\/wp-content\/uploads\/2024\/12\/DSC01747-1280x854.jpg 1280w, https:\/\/www.adventvinkovci.com\/wp-content\/uploads\/2024\/12\/DSC01747-980x653.jpg 980w, https:\/\/www.adventvinkovci.com\/wp-content\/uploads\/2024\/12\/DSC01747-480x320.jpg 480w\" sizes=\"(min-width: 0px) and (max-width: 480px) 480px, (min-width: 481px) and (max-width: 980px) 980px, (min-width: 981px) and (max-width: 1280px) 1280px, (min-width: 1281px) 2560px, 100vw\" \/><\/p>","protected":false},"excerpt":{"rendered":"<p>Na adventskom vijencu u gradskom parku \u017eupljani \u017dupe sv. Euzebija i Poliona ve\u010deras su upalili tre\u0107u svije\u0107u. Ova svije\u0107a unijela je posebno veselje me\u0111u okupljene vjernike kroz molitvu i pjesmu te nas sve poziva da se veselimo jer imamo obitelj i prijatelje te dobro zdravlje. Antonio Peki\u0107, \u017eupni vikar u \u017eupnoj crkvi Svetih Euzebija i [&hellip;]<\/p>","protected":false},"author":7,"featured_media":1000004933,"comment_status":"closed","ping_status":"closed","sticky":false,"template":"","format":"standard","meta":{"_et_pb_use_builder":"","_et_pb_old_content":"","_et_gb_content_width":"","footnotes":""},"categories":[1],"tags":[65,64],"class_list":["post-1000004932","post","type-post","status-publish","format-standard","has-post-thumbnail","hentry","category-uncategorized","tag-treca-svijeca","tag-zupe-sv-euzebija-i-poliona"],"_links":{"self":[{"href":"https:\/\/www.adventvinkovci.com\/en\/wp-json\/wp\/v2\/posts\/1000004932","targetHints":{"allow":["GET"]}}],"collection":[{"href":"https:\/\/www.adventvinkovci.com\/en\/wp-json\/wp\/v2\/posts"}],"about":[{"href":"https:\/\/www.adventvinkovci.com\/en\/wp-json\/wp\/v2\/types\/post"}],"author":[{"embeddable":true,"href":"https:\/\/www.adventvinkovci.com\/en\/wp-json\/wp\/v2\/users\/7"}],"replies":[{"embeddable":true,"href":"https:\/\/www.adventvinkovci.com\/en\/wp-json\/wp\/v2\/comments?post=1000004932"}],"version-history":[{"count":2,"href":"https:\/\/www.adventvinkovci.com\/en\/wp-json\/wp\/v2\/posts\/1000004932\/revisions"}],"predecessor-version":[{"id":1000004938,"href":"https:\/\/www.adventvinkovci.com\/en\/wp-json\/wp\/v2\/posts\/1000004932\/revisions\/1000004938"}],"wp:featuredmedia":[{"embeddable":true,"href":"https:\/\/www.adventvinkovci.com\/en\/wp-json\/wp\/v2\/media\/1000004933"}],"wp:attachment":[{"href":"https:\/\/www.adventvinkovci.com\/en\/wp-json\/wp\/v2\/media?parent=1000004932"}],"wp:term":[{"taxonomy":"category","embeddable":true,"href":"https:\/\/www.adventvinkovci.com\/en\/wp-json\/wp\/v2\/categories?post=1000004932"},{"taxonomy":"post_tag","embeddable":true,"href":"https:\/\/www.adventvinkovci.com\/en\/wp-json\/wp\/v2\/tags?post=1000004932"}],"curies":[{"name":"wp","href":"https:\/\/api.w.org\/{rel}","templated":true}]}}