{"id":1000004940,"date":"2024-12-15T22:25:19","date_gmt":"2024-12-15T21:25:19","guid":{"rendered":"https:\/\/www.adventvinkovci.com\/?p=1000004940"},"modified":"2024-12-16T14:33:32","modified_gmt":"2024-12-16T13:33:32","slug":"bozicni-koncert-jedinstven-je-adventski-dogadaj","status":"publish","type":"post","link":"https:\/\/www.adventvinkovci.com\/en\/bozicni-koncert-jedinstven-je-adventski-dogadaj\/","title":{"rendered":"Bo\u017ei\u0107ni koncert jedinstven je adventski doga\u0111aj"},"content":{"rendered":"<p style=\"text-align: justify;\">Pod dirigentskom palicom Darija Glava\u0161a, nastavnika harmonike u Glazbenoj \u0161koli Josipa Runjanina odr\u017ean je jo\u0161 jedan veliki bo\u017ei\u0107ni koncert kojim se di\u010de generacije u\u010denika, a i nastavnika. Posjetitelji vinkova\u010dkog adventa i prolaznici, kao i svake godine, ostali su odu\u0161evljeni te nisu \u0161tedjeli svoje dlanove bez obzira na hladno\u0107u i maglu koja je grizla za obraze i prste. Znaju mladi glazbenici da se za ovaj spektakl treba toplo obu\u0107i, dok su se posjetitelji mogli zagrijati uz ples. Kao \u0161to smo i najavili, u svijet je poslana najljep\u0161a bo\u017ei\u0107na \u010destitka uvezana u \u010daroliju zvuka, slike i svjetla. Stoga, nema dileme da je ovo najposje\u0107eniji adventski doga\u0111aj.<\/p>\n<p style=\"text-align: justify;\"><img loading=\"lazy\" decoding=\"async\" class=\"aligncenter wp-image-1000004942 size-full\" src=\"https:\/\/www.adventvinkovci.com\/wp-content\/uploads\/2024\/12\/DSC02185.jpg\" alt=\"\" width=\"1620\" height=\"1080\" srcset=\"https:\/\/www.adventvinkovci.com\/wp-content\/uploads\/2024\/12\/DSC02185.jpg 1620w, https:\/\/www.adventvinkovci.com\/wp-content\/uploads\/2024\/12\/DSC02185-1280x853.jpg 1280w, https:\/\/www.adventvinkovci.com\/wp-content\/uploads\/2024\/12\/DSC02185-980x653.jpg 980w, https:\/\/www.adventvinkovci.com\/wp-content\/uploads\/2024\/12\/DSC02185-480x320.jpg 480w\" sizes=\"(min-width: 0px) and (max-width: 480px) 480px, (min-width: 481px) and (max-width: 980px) 980px, (min-width: 981px) and (max-width: 1280px) 1280px, (min-width: 1281px) 1620px, 100vw\" \/><\/p>\n<p style=\"text-align: justify;\">Vi\u0161emjese\u010dna priprema cjelokupne glazbene \u0161kole urodila je plodom i stvorila savr\u0161en spoj glazbe i Bo\u017ei\u0107a. Pokazali su svome gradu \u0161to su nau\u010dili pa ne sumnjamo za budu\u0107nost glazbene temelje na\u0161eg malog kraja.<strong>\u00a0&#8220;Pripreme su tekle jako dobro. Sudjelovali su tambura\u0161ki, puha\u010dki, harmonika\u0161ki orkestar, mali i veliki zbor. Prvo smo radili po sekcijama. Svi nastavnici pripremaju repertoar sa svojim ansamblom, a posljednjih mjesec dana pripremamo se zajedno da bi to izgledalo upravo ovako<\/strong>&#8220;, rekao je dirigent Glava\u0161. Ravnatelj Darko Doma\u0107inovi\u0107 \u010destitao je nastavnicima na ulo\u017eenom trudu i odra\u0111enom spektaklu te pozvao publiku da ih nagradi pljeskom.<\/p>\n<p style=\"text-align: justify;\"><a href=\"https:\/\/www.adventvinkovci.com\/wp-content\/uploads\/2024\/12\/DSC02118.jpg\"><img loading=\"lazy\" decoding=\"async\" class=\"aligncenter wp-image-1000004943 size-full\" src=\"https:\/\/www.adventvinkovci.com\/wp-content\/uploads\/2024\/12\/DSC02118.jpg\" alt=\"\" width=\"1620\" height=\"1080\" srcset=\"https:\/\/www.adventvinkovci.com\/wp-content\/uploads\/2024\/12\/DSC02118.jpg 1620w, https:\/\/www.adventvinkovci.com\/wp-content\/uploads\/2024\/12\/DSC02118-1280x853.jpg 1280w, https:\/\/www.adventvinkovci.com\/wp-content\/uploads\/2024\/12\/DSC02118-980x653.jpg 980w, https:\/\/www.adventvinkovci.com\/wp-content\/uploads\/2024\/12\/DSC02118-480x320.jpg 480w\" sizes=\"(min-width: 0px) and (max-width: 480px) 480px, (min-width: 481px) and (max-width: 980px) 980px, (min-width: 981px) and (max-width: 1280px) 1280px, (min-width: 1281px) 1620px, 100vw\" \/><\/a><\/p>\n<p style=\"text-align: justify;\">U izvedbi <strong>50 \u010dlanova orkestra i 70 zbora\u0161a <\/strong>svi posjetitelji koncerta mogli su u\u017eivati u tradicijskim pjesmama, a pru\u017een im je nesvakida\u0161nji i jedinstven osje\u0107aj Bo\u017ei\u0107a. Barokni Vinkovci name\u0107u se kao izvrsna kulisa za jedinstvenu manifestaciju u Hrvatskoj i \u0161ire.<\/p>\n<p style=\"text-align: justify;\"><a href=\"https:\/\/www.adventvinkovci.com\/wp-content\/uploads\/2024\/12\/DSC02102.jpg\"><img loading=\"lazy\" decoding=\"async\" class=\"aligncenter wp-image-1000004944 size-full\" src=\"https:\/\/www.adventvinkovci.com\/wp-content\/uploads\/2024\/12\/DSC02102.jpg\" alt=\"\" width=\"1620\" height=\"1080\" srcset=\"https:\/\/www.adventvinkovci.com\/wp-content\/uploads\/2024\/12\/DSC02102.jpg 1620w, https:\/\/www.adventvinkovci.com\/wp-content\/uploads\/2024\/12\/DSC02102-1280x853.jpg 1280w, https:\/\/www.adventvinkovci.com\/wp-content\/uploads\/2024\/12\/DSC02102-980x653.jpg 980w, https:\/\/www.adventvinkovci.com\/wp-content\/uploads\/2024\/12\/DSC02102-480x320.jpg 480w\" sizes=\"(min-width: 0px) and (max-width: 480px) 480px, (min-width: 481px) and (max-width: 980px) 980px, (min-width: 981px) and (max-width: 1280px) 1280px, (min-width: 1281px) 1620px, 100vw\" \/><\/a><\/p>","protected":false},"excerpt":{"rendered":"<p>Pod dirigentskom palicom Darija Glava\u0161a, nastavnika harmonike u Glazbenoj \u0161koli Josipa Runjanina odr\u017ean je jo\u0161 jedan veliki bo\u017ei\u0107ni koncert kojim se di\u010de generacije u\u010denika, a i nastavnika. Posjetitelji vinkova\u010dkog adventa i prolaznici, kao i svake godine, ostali su odu\u0161evljeni te nisu \u0161tedjeli svoje dlanove bez obzira na hladno\u0107u i maglu koja je grizla za obraze [&hellip;]<\/p>","protected":false},"author":7,"featured_media":1000004941,"comment_status":"closed","ping_status":"closed","sticky":false,"template":"","format":"standard","meta":{"_et_pb_use_builder":"","_et_pb_old_content":"","_et_gb_content_width":"","footnotes":""},"categories":[2],"tags":[37],"class_list":["post-1000004940","post","type-post","status-publish","format-standard","has-post-thumbnail","hentry","category-novosti","tag-glazbena-skola-josipa-runjanina"],"_links":{"self":[{"href":"https:\/\/www.adventvinkovci.com\/en\/wp-json\/wp\/v2\/posts\/1000004940","targetHints":{"allow":["GET"]}}],"collection":[{"href":"https:\/\/www.adventvinkovci.com\/en\/wp-json\/wp\/v2\/posts"}],"about":[{"href":"https:\/\/www.adventvinkovci.com\/en\/wp-json\/wp\/v2\/types\/post"}],"author":[{"embeddable":true,"href":"https:\/\/www.adventvinkovci.com\/en\/wp-json\/wp\/v2\/users\/7"}],"replies":[{"embeddable":true,"href":"https:\/\/www.adventvinkovci.com\/en\/wp-json\/wp\/v2\/comments?post=1000004940"}],"version-history":[{"count":2,"href":"https:\/\/www.adventvinkovci.com\/en\/wp-json\/wp\/v2\/posts\/1000004940\/revisions"}],"predecessor-version":[{"id":1000004946,"href":"https:\/\/www.adventvinkovci.com\/en\/wp-json\/wp\/v2\/posts\/1000004940\/revisions\/1000004946"}],"wp:featuredmedia":[{"embeddable":true,"href":"https:\/\/www.adventvinkovci.com\/en\/wp-json\/wp\/v2\/media\/1000004941"}],"wp:attachment":[{"href":"https:\/\/www.adventvinkovci.com\/en\/wp-json\/wp\/v2\/media?parent=1000004940"}],"wp:term":[{"taxonomy":"category","embeddable":true,"href":"https:\/\/www.adventvinkovci.com\/en\/wp-json\/wp\/v2\/categories?post=1000004940"},{"taxonomy":"post_tag","embeddable":true,"href":"https:\/\/www.adventvinkovci.com\/en\/wp-json\/wp\/v2\/tags?post=1000004940"}],"curies":[{"name":"wp","href":"https:\/\/api.w.org\/{rel}","templated":true}]}}