{"id":1000004976,"date":"2024-12-21T21:11:53","date_gmt":"2024-12-21T20:11:53","guid":{"rendered":"https:\/\/www.adventvinkovci.com\/?p=1000004976"},"modified":"2024-12-21T21:11:53","modified_gmt":"2024-12-21T20:11:53","slug":"lovro-augustinovic-upalio-posljednju-adventsku-svijecu","status":"publish","type":"post","link":"https:\/\/www.adventvinkovci.com\/en\/lovro-augustinovic-upalio-posljednju-adventsku-svijecu\/","title":{"rendered":"Lovro Augustinovi\u0107 upalio posljednju adventsku svije\u0107u"},"content":{"rendered":"<p style=\"text-align: justify;\">U samom sredi\u0161tu Vinkovaca danas je upaljena posljednja adventska svije\u0107a. Predvo\u0111eni mali\u0161anom <strong>Lovrom Augustinovi\u0107em<\/strong> svije\u0107u su upalili pripadnici <strong>\u017dupe sv. Nikole Biskupa<\/strong>.<\/p>\n<p><a href=\"https:\/\/www.adventvinkovci.com\/wp-content\/uploads\/2024\/12\/img_2068_optimized-scaled.jpg\"><img loading=\"lazy\" decoding=\"async\" class=\"aligncenter size-full wp-image-1000004972\" src=\"https:\/\/www.adventvinkovci.com\/wp-content\/uploads\/2024\/12\/img_2068_optimized-scaled.jpg\" alt=\"\" width=\"2560\" height=\"1920\" srcset=\"https:\/\/www.adventvinkovci.com\/wp-content\/uploads\/2024\/12\/img_2068_optimized-scaled.jpg 2560w, https:\/\/www.adventvinkovci.com\/wp-content\/uploads\/2024\/12\/img_2068_optimized-1280x960.jpg 1280w, https:\/\/www.adventvinkovci.com\/wp-content\/uploads\/2024\/12\/img_2068_optimized-980x735.jpg 980w, https:\/\/www.adventvinkovci.com\/wp-content\/uploads\/2024\/12\/img_2068_optimized-480x360.jpg 480w\" sizes=\"(min-width: 0px) and (max-width: 480px) 480px, (min-width: 481px) and (max-width: 980px) 980px, (min-width: 981px) and (max-width: 1280px) 1280px, (min-width: 1281px) 2560px, 100vw\" \/><\/a><\/p>\n<p style=\"text-align: justify;\"><strong>\u201eDo\u0161li smo do kraja Adventa, upalili smo \u010detvrtu svije\u0107u ljubavi, ali i svije\u0107u mira. Svoje suosje\u0107anje sa stradalima u Zagrebu izrazili smo s time \u0161to nismo pjevali pjesme i molili smo za njih u ti\u0161ini. \u017delimo da u na\u0161em dru\u0161tvu nema takvih stvari, u dru\u0161tvu treba vi\u0161e radosti i me\u0111usobne brige. Tijekom Bo\u017ei\u0107a potreban nam je mir, pribli\u017eiti se jaslama i u djetetu Isusu gledati vlastiti \u017eivot\u201c,<\/strong> poru\u010dio je vl\u010d. Ivan \u0110akovac.<\/p>\n<p><a href=\"https:\/\/www.adventvinkovci.com\/wp-content\/uploads\/2024\/12\/img_2072_optimized-scaled.jpg\"><img loading=\"lazy\" decoding=\"async\" class=\"aligncenter size-full wp-image-1000004973\" src=\"https:\/\/www.adventvinkovci.com\/wp-content\/uploads\/2024\/12\/img_2072_optimized-scaled.jpg\" alt=\"\" width=\"2560\" height=\"1920\" srcset=\"https:\/\/www.adventvinkovci.com\/wp-content\/uploads\/2024\/12\/img_2072_optimized-scaled.jpg 2560w, https:\/\/www.adventvinkovci.com\/wp-content\/uploads\/2024\/12\/img_2072_optimized-1280x960.jpg 1280w, https:\/\/www.adventvinkovci.com\/wp-content\/uploads\/2024\/12\/img_2072_optimized-980x735.jpg 980w, https:\/\/www.adventvinkovci.com\/wp-content\/uploads\/2024\/12\/img_2072_optimized-480x360.jpg 480w\" sizes=\"(min-width: 0px) and (max-width: 480px) 480px, (min-width: 481px) and (max-width: 980px) 980px, (min-width: 981px) and (max-width: 1280px) 1280px, (min-width: 1281px) 2560px, 100vw\" \/><\/a><\/p>\n<p style=\"text-align: justify;\">Gradona\u010delnik Ivan Bosan\u010di\u0107 kazao je kako smo se tijekom cijelog Adventa pripremali za Bo\u017ei\u0107 i radost koju ovaj blagdan donosi, a upravo je s time povezano zajedni\u010dko dru\u017eenje. Ipak, u petak smo imali doga\u0111aj koji je izazvao ba\u0161 suprotne emocije.<\/p>\n<p style=\"text-align: justify;\"><strong>\u201eMo\u017eda nas je Bog htio upozoriti, trebamo promisliti u kakvom dru\u0161tvu \u017eivimo. Trebamo promisliti \u0161to sve pro\u017eivljavamo kroz javni prostor i dru\u0161tvene mre\u017ee, te na koji na\u010din komuniciramo prema djeci. Radimo li to na najbolji na\u010din i je li ispravno podr\u017eavati negativne \u010dlanke i vijesti? Takve vijesti najvi\u0161e su gledane, dok one lijepe u pravilu pro\u0111u neprimije\u0107eno. U ovom trenutku radi svega \u0161to se dogodilo trebamo promisliti da u budu\u0107nosti utje\u010demo na mlade i sve oko nas na pozitivan na\u010din. Siguran sam da \u0107emo tada imati bolje dru\u0161tvo i ne\u0107emo imati dan \u017ealosti pred Bo\u017ei\u0107\u201c,<\/strong> kazao je Bosan\u010di\u0107 dodav\u0161i kako svim ozlije\u0111enima \u017eeli \u0161to prije ozdravljenje i da se vrate svojim obiteljima.<\/p>\n<p><a href=\"https:\/\/www.adventvinkovci.com\/wp-content\/uploads\/2024\/12\/20241221_201006_optimized-scaled.jpg\"><img loading=\"lazy\" decoding=\"async\" class=\"aligncenter size-full wp-image-1000004974\" src=\"https:\/\/www.adventvinkovci.com\/wp-content\/uploads\/2024\/12\/20241221_201006_optimized-scaled.jpg\" alt=\"\" width=\"2560\" height=\"1195\" srcset=\"https:\/\/www.adventvinkovci.com\/wp-content\/uploads\/2024\/12\/20241221_201006_optimized-scaled.jpg 2560w, https:\/\/www.adventvinkovci.com\/wp-content\/uploads\/2024\/12\/20241221_201006_optimized-1280x598.jpg 1280w, https:\/\/www.adventvinkovci.com\/wp-content\/uploads\/2024\/12\/20241221_201006_optimized-980x457.jpg 980w, https:\/\/www.adventvinkovci.com\/wp-content\/uploads\/2024\/12\/20241221_201006_optimized-480x224.jpg 480w\" sizes=\"(min-width: 0px) and (max-width: 480px) 480px, (min-width: 481px) and (max-width: 980px) 980px, (min-width: 981px) and (max-width: 1280px) 1280px, (min-width: 1281px) 2560px, 100vw\" \/><\/a><a href=\"https:\/\/www.adventvinkovci.com\/wp-content\/uploads\/2024\/12\/20241221_195447-scaled.jpg\"><img loading=\"lazy\" decoding=\"async\" class=\"aligncenter size-full wp-image-1000004975\" src=\"https:\/\/www.adventvinkovci.com\/wp-content\/uploads\/2024\/12\/20241221_195447-scaled.jpg\" alt=\"\" width=\"2560\" height=\"1195\" srcset=\"https:\/\/www.adventvinkovci.com\/wp-content\/uploads\/2024\/12\/20241221_195447-scaled.jpg 2560w, https:\/\/www.adventvinkovci.com\/wp-content\/uploads\/2024\/12\/20241221_195447-1280x598.jpg 1280w, https:\/\/www.adventvinkovci.com\/wp-content\/uploads\/2024\/12\/20241221_195447-980x457.jpg 980w, https:\/\/www.adventvinkovci.com\/wp-content\/uploads\/2024\/12\/20241221_195447-480x224.jpg 480w\" sizes=\"(min-width: 0px) and (max-width: 480px) 480px, (min-width: 481px) and (max-width: 980px) 980px, (min-width: 981px) and (max-width: 1280px) 1280px, (min-width: 1281px) 2560px, 100vw\" \/><\/a><\/p>","protected":false},"excerpt":{"rendered":"<p>U samom sredi\u0161tu Vinkovaca danas je upaljena posljednja adventska svije\u0107a. Predvo\u0111eni mali\u0161anom Lovrom Augustinovi\u0107em svije\u0107u su upalili pripadnici \u017dupe sv. Nikole Biskupa. \u201eDo\u0161li smo do kraja Adventa, upalili smo \u010detvrtu svije\u0107u ljubavi, ali i svije\u0107u mira. Svoje suosje\u0107anje sa stradalima u Zagrebu izrazili smo s time \u0161to nismo pjevali pjesme i molili smo za njih [&hellip;]<\/p>","protected":false},"author":7,"featured_media":1000004971,"comment_status":"closed","ping_status":"closed","sticky":false,"template":"","format":"standard","meta":{"_et_pb_use_builder":"","_et_pb_old_content":"","_et_gb_content_width":"","footnotes":""},"categories":[2],"tags":[],"class_list":["post-1000004976","post","type-post","status-publish","format-standard","has-post-thumbnail","hentry","category-novosti"],"_links":{"self":[{"href":"https:\/\/www.adventvinkovci.com\/en\/wp-json\/wp\/v2\/posts\/1000004976","targetHints":{"allow":["GET"]}}],"collection":[{"href":"https:\/\/www.adventvinkovci.com\/en\/wp-json\/wp\/v2\/posts"}],"about":[{"href":"https:\/\/www.adventvinkovci.com\/en\/wp-json\/wp\/v2\/types\/post"}],"author":[{"embeddable":true,"href":"https:\/\/www.adventvinkovci.com\/en\/wp-json\/wp\/v2\/users\/7"}],"replies":[{"embeddable":true,"href":"https:\/\/www.adventvinkovci.com\/en\/wp-json\/wp\/v2\/comments?post=1000004976"}],"version-history":[{"count":1,"href":"https:\/\/www.adventvinkovci.com\/en\/wp-json\/wp\/v2\/posts\/1000004976\/revisions"}],"predecessor-version":[{"id":1000004977,"href":"https:\/\/www.adventvinkovci.com\/en\/wp-json\/wp\/v2\/posts\/1000004976\/revisions\/1000004977"}],"wp:featuredmedia":[{"embeddable":true,"href":"https:\/\/www.adventvinkovci.com\/en\/wp-json\/wp\/v2\/media\/1000004971"}],"wp:attachment":[{"href":"https:\/\/www.adventvinkovci.com\/en\/wp-json\/wp\/v2\/media?parent=1000004976"}],"wp:term":[{"taxonomy":"category","embeddable":true,"href":"https:\/\/www.adventvinkovci.com\/en\/wp-json\/wp\/v2\/categories?post=1000004976"},{"taxonomy":"post_tag","embeddable":true,"href":"https:\/\/www.adventvinkovci.com\/en\/wp-json\/wp\/v2\/tags?post=1000004976"}],"curies":[{"name":"wp","href":"https:\/\/api.w.org\/{rel}","templated":true}]}}