{"id":1000005193,"date":"2025-12-06T20:29:15","date_gmt":"2025-12-06T19:29:15","guid":{"rendered":"https:\/\/www.adventvinkovci.com\/?p=1000005193"},"modified":"2025-12-06T21:26:47","modified_gmt":"2025-12-06T20:26:47","slug":"andro-bebek-upalio-2-vinkovacku-adventsku-svijecu","status":"publish","type":"post","link":"https:\/\/www.adventvinkovci.com\/en\/andro-bebek-upalio-2-vinkovacku-adventsku-svijecu\/","title":{"rendered":"Andro Bebek upalio 2. vinkova\u010dku adventsku svije\u0107u"},"content":{"rendered":"<p align=\"justify\"><span style=\"color: #000000;\"><span style=\"font-family: Times New Roman, serif;\"><span style=\"font-size: medium;\">Ve\u010deras su se u sredi\u0161njem gradskom parku okupili vjernici iz <strong>\u017eupe svetih Euzebija i Poliona<\/strong> i <strong>Samostana svetog Antuna Padovanskog<\/strong> kako bi upalili drugu adventsku svije\u0107u.<\/span><\/span><\/span><\/p>\n<p align=\"justify\"><span style=\"color: #000000;\"><span style=\"font-family: Times New Roman, serif;\"><span style=\"font-size: medium;\"><a href=\"https:\/\/www.adventvinkovci.com\/wp-content\/uploads\/2025\/12\/WhatsApp-Image-2025-12-06-at-20.02.49.jpeg\"><img loading=\"lazy\" decoding=\"async\" class=\"aligncenter size-full wp-image-1000005194\" src=\"https:\/\/www.adventvinkovci.com\/wp-content\/uploads\/2025\/12\/WhatsApp-Image-2025-12-06-at-20.02.49.jpeg\" alt=\"\" width=\"1600\" height=\"1200\" srcset=\"https:\/\/www.adventvinkovci.com\/wp-content\/uploads\/2025\/12\/WhatsApp-Image-2025-12-06-at-20.02.49.jpeg 1600w, https:\/\/www.adventvinkovci.com\/wp-content\/uploads\/2025\/12\/WhatsApp-Image-2025-12-06-at-20.02.49-1280x960.jpeg 1280w, https:\/\/www.adventvinkovci.com\/wp-content\/uploads\/2025\/12\/WhatsApp-Image-2025-12-06-at-20.02.49-980x735.jpeg 980w, https:\/\/www.adventvinkovci.com\/wp-content\/uploads\/2025\/12\/WhatsApp-Image-2025-12-06-at-20.02.49-480x360.jpeg 480w\" sizes=\"(min-width: 0px) and (max-width: 480px) 480px, (min-width: 481px) and (max-width: 980px) 980px, (min-width: 981px) and (max-width: 1280px) 1280px, (min-width: 1281px) 1600px, 100vw\" \/><\/a><\/span><\/span><\/span><\/p>\n<p align=\"justify\"><span style=\"color: #000000;\"><span style=\"font-family: Times New Roman, serif;\"><span style=\"font-size: medium;\">Adventsku svije\u0107u upalio je <strong>Andro Bebek<\/strong> uz prigodnu molitvu i blagoslov<strong> \u017eupnika Antonia Peki\u0107a, kapelana \u017eupe sv. Euzebija i Poliona mu\u010denika.<\/strong> O vrijednosti do\u0161a\u0161\u0107a istaknuo je kako druga, odnosno betlehemska svije\u0107a predstavlja ljubav, jer otkrivamo da je svjetlo Isusa sve bli\u017ee te nas poziva na duhovnu pripremu za susret s Bogom. Ljubav je glavni uvjet na koji nas Krist poziva kroz \u010ditav \u017eivot.<\/span><\/span><\/span><\/p>\n<p align=\"justify\"><span style=\"color: #000000;\"><em><strong>\u201e<\/strong><\/em><span style=\"font-family: Times New Roman, serif;\"><span style=\"font-size: medium;\"><em><strong>Poruka vjernicima je da ustraju u nadi i ljubavi, jer je to prije svega jamstvo da \u0107e na svome \u017eivotnom putu, koji je prvom adventskom svije\u0107om nade osvijetljen, susresti Gospodinovu milost. Milost je poput ispru\u017eene ruke, i u toj Bo\u017ejoj ispru\u017eenoj ruci svatko tko ima dobru volju mo\u017ee prepoznati prijateljstvo i ljubav, kao i priliku da bude u Bo\u017ejem zagrljaju te da ustraje na putu koji ga vodi prema spasenju\u201c,<\/strong><\/em> poru\u010dio je.<\/span><\/span><\/span><\/p>\n<p><a href=\"https:\/\/www.adventvinkovci.com\/wp-content\/uploads\/2025\/12\/20251206_193153-scaled.jpg\"><img loading=\"lazy\" decoding=\"async\" class=\"aligncenter size-full wp-image-1000005198\" src=\"https:\/\/www.adventvinkovci.com\/wp-content\/uploads\/2025\/12\/20251206_193153-scaled.jpg\" alt=\"\" width=\"2560\" height=\"1920\" srcset=\"https:\/\/www.adventvinkovci.com\/wp-content\/uploads\/2025\/12\/20251206_193153-scaled.jpg 2560w, https:\/\/www.adventvinkovci.com\/wp-content\/uploads\/2025\/12\/20251206_193153-1280x960.jpg 1280w, https:\/\/www.adventvinkovci.com\/wp-content\/uploads\/2025\/12\/20251206_193153-980x735.jpg 980w, https:\/\/www.adventvinkovci.com\/wp-content\/uploads\/2025\/12\/20251206_193153-480x360.jpg 480w\" sizes=\"(min-width: 0px) and (max-width: 480px) 480px, (min-width: 481px) and (max-width: 980px) 980px, (min-width: 981px) and (max-width: 1280px) 1280px, (min-width: 1281px) 2560px, 100vw\" \/><\/a><\/p>\n<p align=\"justify\"><span style=\"color: #000000;\"><span style=\"font-family: Times New Roman, serif;\"><span style=\"font-size: medium;\">Uz molitvu, pjesmu i blagoslov, Vinkovci su jo\u0161 jednom zajedni\u010dki zakora\u010dili u vrijeme do\u0161a\u0161\u0107a, otvaraju\u0107i srca nadi, miru i ljubavi. <\/span><\/span><\/span><span style=\"color: #000000;\"><span style=\"font-family: Times New Roman, serif;\"><span style=\"font-size: medium;\">Paljenjem druge adventske svije\u0107e polako nas pribli\u017eava najradosnijem kr\u0161\u0107anskom blagdanu.<\/span><\/span><\/span><\/p>\n<p align=\"justify\"><span style=\"color: #000000;\"><span style=\"font-family: Times New Roman, serif;\"><span style=\"font-size: medium;\">Za nekoliko dana, 15. prosinca, otvorit \u0107e se klizali\u0161te koje je ove godine smje\u0161teno na vinkova\u010dkom Korzu, \u010dime \u0107e Ledena bajka za\u017eivjeti u punom sjaju.<\/span><\/span><\/span><\/p>","protected":false},"excerpt":{"rendered":"<p>Ve\u010deras su se u sredi\u0161njem gradskom parku okupili vjernici iz \u017eupe svetih Euzebija i Poliona i Samostana svetog Antuna Padovanskog kako bi upalili drugu adventsku svije\u0107u. Adventsku svije\u0107u upalio je Andro Bebek uz prigodnu molitvu i blagoslov \u017eupnika Antonia Peki\u0107a, kapelana \u017eupe sv. Euzebija i Poliona mu\u010denika. O vrijednosti do\u0161a\u0161\u0107a istaknuo je kako druga, odnosno [&hellip;]<\/p>","protected":false},"author":1,"featured_media":1000005199,"comment_status":"closed","ping_status":"closed","sticky":false,"template":"","format":"standard","meta":{"_et_pb_use_builder":"","_et_pb_old_content":"","_et_gb_content_width":"","footnotes":""},"categories":[1],"tags":[77,80,79],"class_list":["post-1000005193","post","type-post","status-publish","format-standard","has-post-thumbnail","hentry","category-uncategorized","tag-bozic","tag-dosasce","tag-druga-adventska-svijeca"],"_links":{"self":[{"href":"https:\/\/www.adventvinkovci.com\/en\/wp-json\/wp\/v2\/posts\/1000005193","targetHints":{"allow":["GET"]}}],"collection":[{"href":"https:\/\/www.adventvinkovci.com\/en\/wp-json\/wp\/v2\/posts"}],"about":[{"href":"https:\/\/www.adventvinkovci.com\/en\/wp-json\/wp\/v2\/types\/post"}],"author":[{"embeddable":true,"href":"https:\/\/www.adventvinkovci.com\/en\/wp-json\/wp\/v2\/users\/1"}],"replies":[{"embeddable":true,"href":"https:\/\/www.adventvinkovci.com\/en\/wp-json\/wp\/v2\/comments?post=1000005193"}],"version-history":[{"count":4,"href":"https:\/\/www.adventvinkovci.com\/en\/wp-json\/wp\/v2\/posts\/1000005193\/revisions"}],"predecessor-version":[{"id":1000005203,"href":"https:\/\/www.adventvinkovci.com\/en\/wp-json\/wp\/v2\/posts\/1000005193\/revisions\/1000005203"}],"wp:featuredmedia":[{"embeddable":true,"href":"https:\/\/www.adventvinkovci.com\/en\/wp-json\/wp\/v2\/media\/1000005199"}],"wp:attachment":[{"href":"https:\/\/www.adventvinkovci.com\/en\/wp-json\/wp\/v2\/media?parent=1000005193"}],"wp:term":[{"taxonomy":"category","embeddable":true,"href":"https:\/\/www.adventvinkovci.com\/en\/wp-json\/wp\/v2\/categories?post=1000005193"},{"taxonomy":"post_tag","embeddable":true,"href":"https:\/\/www.adventvinkovci.com\/en\/wp-json\/wp\/v2\/tags?post=1000005193"}],"curies":[{"name":"wp","href":"https:\/\/api.w.org\/{rel}","templated":true}]}}