{"id":4427,"date":"2016-12-07T15:25:41","date_gmt":"2016-12-07T14:25:41","guid":{"rendered":"http:\/\/www.adventvinkovci.com\/?p=4427"},"modified":"2016-12-07T15:25:41","modified_gmt":"2016-12-07T14:25:41","slug":"na-drugom-adventskom-koncertu-cetvrtkom-nastupaju-zupni-zborovi-iz-nustra-vodinaca-ivankova-i-sumarice","status":"publish","type":"post","link":"https:\/\/www.adventvinkovci.com\/en\/na-drugom-adventskom-koncertu-cetvrtkom-nastupaju-zupni-zborovi-iz-nustra-vodinaca-ivankova-i-sumarice\/","title":{"rendered":"Na drugom adventskom koncertu \u010detvrtkom nastupaju \u017eupni zborovi iz Nu\u0161tra, Vo\u0111inaca, Ivankova i &#8220;\u0160umarice&#8221;"},"content":{"rendered":"<p>I ovog \u010detvrtka \u0107e predblagdansko Bo\u017ei\u0107no, Adventsko vrijeme zborovi mladih iz slavonskih \u017eupa duhovnim pjesmama u\u010diniti ljep\u0161im i ugodnijim. Na drugom koncertu \u010detvrtkom \u0161to se odr\u017eava u sklopu Adventa u Vinkovcima u Pje\u0161a\u010dkoj zoni s po\u010detkom u 18 sati prvi nastupa Zbor mladih \u017eupe Duha Svetoga Nu\u0161tar, u 18.45 Zbor mladih &#8220;Glas srca&#8221; \u017eupe Kraljice sv. Krunice iz Vo\u0111inaca, u 19.30 sati Zbor mladih &#8220;Lahor&#8221; \u017eupe Ro\u0111enja sv. Ivana Krstitelja, Ivankovo, a u 20.15 sati nastupa \u017denska pjeva\u010dka skupina &#8220;\u0160umarice&#8221; vinkova\u010dkog KUD-a \u0160umari.<\/p>\n<p><strong><img loading=\"lazy\" decoding=\"async\" class=\"wp-image-4429 alignleft\" src=\"http:\/\/www.adventvinkovci.com\/wp-content\/uploads\/2016\/12\/Nu\u0161tar-300x225.jpg\" alt=\"nustar\" width=\"339\" height=\"254\" \/>Nu\u0161tarski Zbor mladih \u017eupe Duha svetoga<\/strong> osnovan je krajem 2004. na poticaj nu\u0161tarskog \u017eupnika Slavka Vranjkovi\u0107a i tada\u0161nje voditeljice Nevenke \u0160krabo, a tada je brojao oko 30 \u010dlanova. U po\u010detku su uljep\u0161avali misna slavlja i nastupali unutar mati\u010dne crkve, ali ubrzo imaju koncerte i izvan svoje \u017eupe, diljem Hrvatske pa i vani, u Vatikanu, Njema\u010dkoj, Me\u0111ugorju&#8230; Trenutno u zboru djeluje 10-15 pjeva\u010da, uglavnom studenata i srednjo\u0161kolaca i troje svira\u010da \u2013 klavijature i dvije gitare. Svojim pjevanjem, sviranjem, dru\u017eenjem i me\u0111usobnim pomaganjem veli\u010daju Boga, ka\u017eu mladi Nu\u0161tarci, koji obe\u0107avaju nezaboravan glazbeni do\u017eivljaj.<\/p>\n<p>Repertoar:<br \/>\n1. Raduj se o Betleme<br \/>\n2. On dolazi da spasi Vas<br \/>\n3. Evenu shalom<br \/>\n4. Zdravo Marijo, sjajna zornice<br \/>\n5. Na\u0161 Bog je velik<br \/>\n6. Kad sve utihne<br \/>\n7. On je tu zbog nas<br \/>\n8. Djeluj kroz mene<\/p>\n<p><strong><img loading=\"lazy\" decoding=\"async\" class=\"size-medium wp-image-4430 alignleft\" src=\"http:\/\/www.adventvinkovci.com\/wp-content\/uploads\/2016\/12\/Vo\u0111inci-Glas-srca-300x200.jpg\" alt=\"vodinci-glas-srca\" width=\"300\" height=\"200\" \/>Zbor mladih &#8220;Glas srca&#8221; iz Vo\u0111inaca<\/strong> broji 20-ak \u010dlanova i zajedno djeluju osam godina u \u017eupi Kraljice sv. Krunice. Animiraju ve\u010dernje nedjeljne mise i klanjanja za mlade petkom u Novim Mikanovcima, a sa \u017eupnikom don Antom \u0160i\u0161kom gostuju i u drugim \u017eupama i pjevaju\u0107i svjedo\u010de svoju vjeru.<\/p>\n<p>&nbsp;<\/p>\n<p>&nbsp;<\/p>\n<p>&nbsp;<br \/>\nRepertoar:<br \/>\n1. Dolazi, Gospodin dolazi<br \/>\n2. Bo\u017ei\u0107 nam dolazi<br \/>\n3. Nek moje srce budu jasle<br \/>\n4. Maranatha<br \/>\n5. Jedina<br \/>\n6. Visom lete\u0107 ptice male (obrada)<br \/>\n7. El Shadai<br \/>\n8. Pjesma si ti srca mog<\/p>\n<p><strong><img loading=\"lazy\" decoding=\"async\" class=\"size-medium wp-image-4431 alignleft\" src=\"http:\/\/www.adventvinkovci.com\/wp-content\/uploads\/2016\/12\/Ivankovo-300x168.jpg\" alt=\"ivankovo\" width=\"300\" height=\"168\" \/>Zbor mladih &#8220;Lahor&#8221; iz Ivankova<\/strong>, djeluje od 2003. godine iz, a od po\u010detnih pet, izrastao je u zbor od 30-ak \u010dlanova \u2013 pjeva\u010da, me\u0111u kojima je i \u0161est svira\u010da \u2013 tri klavijaturistice i troje gitarista. Zbor je osnovala Ana \u017duljevi\u0107 koja s puno truda, rada i odricanja strpljivo i s puno ljubavi danas vodi zbor. Aktivni su u \u017eupi, svojim pjevanjem i sviranjem uljep\u0161avaju nedjeljne ve\u010dernje mise i druga doga\u0111anja u \u017eupi.<\/p>\n<p>&nbsp;<br \/>\nRepertoar:<br \/>\n1. On dolazi<br \/>\n2. Zdravo Marijo, sjajna zornice<br \/>\n3. Marantha<br \/>\n4. On dolazi da spasi vas<br \/>\n5. Nek pada<br \/>\n6. Zdravo budi Marijo, prejasna zornice<br \/>\n7. Padaj s neba<\/p>\n<p><img loading=\"lazy\" decoding=\"async\" class=\"size-medium wp-image-4432 alignleft\" src=\"http:\/\/www.adventvinkovci.com\/wp-content\/uploads\/2016\/12\/\u0161umarice-1-300x143.jpg\" alt=\"_sumarice-1\" width=\"300\" height=\"143\" \/>Zanimljivost <strong>\u017denske pjeva\u010dke skupine &#8220;\u0160umarice&#8221;<\/strong> koja djeluje unazad dvije godine, je \u0161to ih \u010dine sedam pjeva\u010dica \u2013 tri para sestara i njihova prijateljica, a tri \u010dlanice su od ranije u RKUD-u \u0160umari. Nastupali su na brojnim doga\u0111anjima poput Vinkova\u010dkih jeseni, Divan je ki\u0107eni Srijem, Vinkova\u010dka glazbena scena, promocijama knjiga, folklornim ve\u010derima, pa \u010dak i u Ma\u0111arskoj. Osim izvo\u0111enja tradicijskih i duhovnih pjesama, u suradnji s rock bandom Bruno&amp;+40, ostvarili su spoj folklora i rocka i \u010desto zajedno nastupaju, a izvode i obrade uspje\u0161nica zabavne glazbe u \u0161to \u0107e se mo\u0107i uvjeriti svi koji do\u0111u u \u010detvrtak nave\u010der u Pje\u0161a\u010dku zonu na Advent u Vinkovcima.<\/p>\n<p>Repertoar:<br \/>\n1. Bli\u017ee o Bo\u017ee moj<br \/>\n2. O djete\u0161ce moje drago<br \/>\n3. La musica di note<br \/>\n4. Najdra\u017ee moje<br \/>\n5. Sanjaj me<br \/>\n6. Meni treba\u0161 ti<br \/>\n7. Pi\u0161i mi<br \/>\n8. Vukovi umiru sami<\/p>","protected":false},"excerpt":{"rendered":"<p>I ovog \u010detvrtka \u0107e predblagdansko Bo\u017ei\u0107no, Adventsko vrijeme zborovi mladih iz slavonskih \u017eupa duhovnim pjesmama u\u010diniti ljep\u0161im i ugodnijim. Na drugom koncertu \u010detvrtkom \u0161to se odr\u017eava u sklopu Adventa u Vinkovcima u Pje\u0161a\u010dkoj zoni s po\u010detkom u 18 sati prvi nastupa Zbor mladih \u017eupe Duha Svetoga Nu\u0161tar, u 18.45 Zbor mladih &#8220;Glas srca&#8221; \u017eupe Kraljice [&hellip;]<\/p>","protected":false},"author":3,"featured_media":4428,"comment_status":"open","ping_status":"open","sticky":false,"template":"","format":"standard","meta":{"_et_pb_use_builder":"","_et_pb_old_content":"","_et_gb_content_width":"","footnotes":""},"categories":[2],"tags":[],"class_list":["post-4427","post","type-post","status-publish","format-standard","has-post-thumbnail","hentry","category-novosti"],"_links":{"self":[{"href":"https:\/\/www.adventvinkovci.com\/en\/wp-json\/wp\/v2\/posts\/4427","targetHints":{"allow":["GET"]}}],"collection":[{"href":"https:\/\/www.adventvinkovci.com\/en\/wp-json\/wp\/v2\/posts"}],"about":[{"href":"https:\/\/www.adventvinkovci.com\/en\/wp-json\/wp\/v2\/types\/post"}],"author":[{"embeddable":true,"href":"https:\/\/www.adventvinkovci.com\/en\/wp-json\/wp\/v2\/users\/3"}],"replies":[{"embeddable":true,"href":"https:\/\/www.adventvinkovci.com\/en\/wp-json\/wp\/v2\/comments?post=4427"}],"version-history":[{"count":0,"href":"https:\/\/www.adventvinkovci.com\/en\/wp-json\/wp\/v2\/posts\/4427\/revisions"}],"wp:featuredmedia":[{"embeddable":true,"href":"https:\/\/www.adventvinkovci.com\/en\/wp-json\/wp\/v2\/media\/4428"}],"wp:attachment":[{"href":"https:\/\/www.adventvinkovci.com\/en\/wp-json\/wp\/v2\/media?parent=4427"}],"wp:term":[{"taxonomy":"category","embeddable":true,"href":"https:\/\/www.adventvinkovci.com\/en\/wp-json\/wp\/v2\/categories?post=4427"},{"taxonomy":"post_tag","embeddable":true,"href":"https:\/\/www.adventvinkovci.com\/en\/wp-json\/wp\/v2\/tags?post=4427"}],"curies":[{"name":"wp","href":"https:\/\/api.w.org\/{rel}","templated":true}]}}