{"id":4539,"date":"2017-10-18T14:32:54","date_gmt":"2017-10-18T12:32:54","guid":{"rendered":"http:\/\/www.adventvinkovci.com\/?p=4539"},"modified":"2017-10-18T14:32:54","modified_gmt":"2017-10-18T12:32:54","slug":"i-ove-godine-advent-u-vinkovcima-ali-bogatiji-i-ljepsi","status":"publish","type":"post","link":"https:\/\/www.adventvinkovci.com\/en\/i-ove-godine-advent-u-vinkovcima-ali-bogatiji-i-ljepsi\/","title":{"rendered":"I ove godine Advent u Vinkovcima, ali bogatiji i ljep\u0161i"},"content":{"rendered":"<p>Grad Vinkovci i tvrtka Promo Cibalae d.o.o. po drugi puta pripremaju Bo\u017ei\u0107nu bajku \u2013 Advent u Vinkovcima \u0161to \u0107e se u pje\u0161a\u010dkoj zoni odr\u017eati od 1. prosinca 2017. do 7. sije\u010dnja 2018. godine. Adventski program \u0107e ove godine biti puno bogatiji doga\u0111anjima, a organizatori pripremaju i nekoliko novina.<br \/>\nJedna od njih je i promjena lokacije pozornice na kojoj \u0107e se odr\u017eavati koncerti. Naime, pozornica \u0107e biti premje\u0161tena ispred velike Bo\u017ei\u0107ne jelke na po\u010detku pje\u0161a\u010dke zone s ju\u017ene strane, gdje \u0107e biti upaljene vatre i ure\u0111ena mjesta za sjedenje \u0161to \u0107e biti pravi zimski ugo\u0111aj za u\u017eivanje u glazbi i dru\u017eenje. Koncertni program za sada \u0107e ostati tajna, no kao najavu i svojevrsni teaser mo\u017eemo re\u0107i kako \u0107e Koncerte na Adventu, 2. prosinca otvoriti Mia Dim\u0161i\u0107.<br \/>\n\tKlizali\u0161te, koje je bilo i velika atrakcija pro\u0161logodi\u0161njeg Adventa u Vinkovcima, ove \u0107e godine biti doslovno jo\u0161 i ve\u0107a. Kliza\u010di \u0107e sada mo\u0107i u\u017eivati na jo\u0161 vi\u0161e prostora, jer klizali\u0161te \u0107e biti ve\u0107e za stotinjak \u010detvornih metara, a to \u0107e sigurno pozdraviti najmla\u0111i i ne\u0161to manje mladi posjetitelji. Udruga Bubamara i ove \u0107e godine biti uklju\u010dena u adventske aktivnosti oko klizali\u0161ta, kao i projekt Buba Bara, koji je svoju premijeru do\u017eivio na pro\u0161logodi\u0161njem Adventu u Vinkovcima.<br \/>\nNo ne\u0107e u\u017eivati samo zaljubljenici u klizanje. Ugostiteljska ponuda tako\u0111er \u0107e biti bogatija, jer ove \u0107e godine i broj ku\u0107ica oko klizali\u0161ta biti ve\u0107i. U produ\u017eetku \u201eugostiteljsko-prodajnog gradi\u0107a\u201c nastavlja se Bo\u017ei\u0107ni sajam, odnosno \u0161tandovi na kojima \u0107e prigodu za izlaganje i prodaju dobiti gospodarstvenici, obrtnici ili OPG-ovi, koji \u0107e dobiti prigodu za predstavljanje svojih proizvoda.<br \/>\nKao i lani, ulaz u Advent u Vinkovcima bit \u0107e posebno ozna\u010den prigodnom instalacijom, bogato ukra\u0161enim drvenim vratima, ispred kojih \u0107e biti postavljen Adventski zabavni park, koji je i pro\u0161le godine privukao veliko zanimanje najmla\u0111ih.<br \/>\nNa pozornici ispred oki\u0107ene jelke osim zabavne, bit \u0107e i duhovne glazbe, a vrhunac \u0107e, kao i pro\u0161log Adventa, biti koncert duhovne glazbe zbora na prozorima vinkova\u010dke Gimnazije  gdje \u0107e biti preko sto mladih zborista i svira\u010da iz Vinkovaca i okolice.<br \/>\nUz slu\u0161anje glazbe, razgledanje \u0161tandova lokalnih obrtnika i izra\u0111iva\u010da rukotvorina na Bo\u017ei\u0107nom sajmu, u danima Adventa u Vinkovcima bit \u0107e zabave i za djecu, kuhanog vina i drugih zimskih delicija za odrasle.  I nakon zavr\u0161etka Adventa, u pje\u0161a\u010dkoj zoni \u0107e sve do 7. sije\u010dnja 2018. ostati klizali\u0161te i ostali zabavni sadr\u017eaji pa \u0107e Vinkov\u010dani i njihovi gosti u tih ne\u0161to vi\u0161e od mjesec dana prona\u0107i zabavu za sebe, svoje prijatelje i svoju djecu.<br \/>\n<center><img loading=\"lazy\" decoding=\"async\" src=\"http:\/\/www.adventvinkovci.com\/wp-content\/uploads\/2016\/12\/vrata-advent.jpg\" alt=\"\" width=\"2272\" height=\"1704\" class=\"alignright size-full wp-image-4460\" srcset=\"http:\/\/www.adventvinkovci.com\/wp-content\/uploads\/2016\/12\/vrata-advent.jpg 2272w, http:\/\/www.adventvinkovci.com\/wp-content\/uploads\/2016\/12\/vrata-advent-1280x960.jpg 1280w, http:\/\/www.adventvinkovci.com\/wp-content\/uploads\/2016\/12\/vrata-advent-980x735.jpg 980w, http:\/\/www.adventvinkovci.com\/wp-content\/uploads\/2016\/12\/vrata-advent-480x360.jpg 480w\" sizes=\"(min-width: 0px) and (max-width: 480px) 480px, (min-width: 481px) and (max-width: 980px) 980px, (min-width: 981px) and (max-width: 1280px) 1280px, (min-width: 1281px) 2272px, 100vw\" \/><\/center><\/p>","protected":false},"excerpt":{"rendered":"<p>Grad Vinkovci i tvrtka Promo Cibalae d.o.o. po drugi puta pripremaju Bo\u017ei\u0107nu bajku \u2013 Advent u Vinkovcima \u0161to \u0107e se u pje\u0161a\u010dkoj zoni odr\u017eati od 1. prosinca 2017. do 7. sije\u010dnja 2018. godine. Adventski program \u0107e ove godine biti puno bogatiji doga\u0111anjima, a organizatori pripremaju i nekoliko novina. Jedna od njih je i promjena lokacije [&hellip;]<\/p>","protected":false},"author":2,"featured_media":4453,"comment_status":"open","ping_status":"open","sticky":false,"template":"","format":"standard","meta":{"_et_pb_use_builder":"","_et_pb_old_content":"","_et_gb_content_width":"","footnotes":""},"categories":[2],"tags":[],"class_list":["post-4539","post","type-post","status-publish","format-standard","has-post-thumbnail","hentry","category-novosti"],"_links":{"self":[{"href":"https:\/\/www.adventvinkovci.com\/en\/wp-json\/wp\/v2\/posts\/4539","targetHints":{"allow":["GET"]}}],"collection":[{"href":"https:\/\/www.adventvinkovci.com\/en\/wp-json\/wp\/v2\/posts"}],"about":[{"href":"https:\/\/www.adventvinkovci.com\/en\/wp-json\/wp\/v2\/types\/post"}],"author":[{"embeddable":true,"href":"https:\/\/www.adventvinkovci.com\/en\/wp-json\/wp\/v2\/users\/2"}],"replies":[{"embeddable":true,"href":"https:\/\/www.adventvinkovci.com\/en\/wp-json\/wp\/v2\/comments?post=4539"}],"version-history":[{"count":0,"href":"https:\/\/www.adventvinkovci.com\/en\/wp-json\/wp\/v2\/posts\/4539\/revisions"}],"wp:featuredmedia":[{"embeddable":true,"href":"https:\/\/www.adventvinkovci.com\/en\/wp-json\/wp\/v2\/media\/4453"}],"wp:attachment":[{"href":"https:\/\/www.adventvinkovci.com\/en\/wp-json\/wp\/v2\/media?parent=4539"}],"wp:term":[{"taxonomy":"category","embeddable":true,"href":"https:\/\/www.adventvinkovci.com\/en\/wp-json\/wp\/v2\/categories?post=4539"},{"taxonomy":"post_tag","embeddable":true,"href":"https:\/\/www.adventvinkovci.com\/en\/wp-json\/wp\/v2\/tags?post=4539"}],"curies":[{"name":"wp","href":"https:\/\/api.w.org\/{rel}","templated":true}]}}