{"id":4623,"date":"2017-11-24T08:59:51","date_gmt":"2017-11-24T07:59:51","guid":{"rendered":"http:\/\/www.adventvinkovci.com\/?p=4623"},"modified":"2017-11-24T08:59:51","modified_gmt":"2017-11-24T07:59:51","slug":"zupni-zborovi-mladih-nastupaju-na-koncertima-cetvrtkom","status":"publish","type":"post","link":"https:\/\/www.adventvinkovci.com\/en\/zupni-zborovi-mladih-nastupaju-na-koncertima-cetvrtkom\/","title":{"rendered":"\u017dupni  zborovi mladih nastupaju na koncertima \u010detvrtkom"},"content":{"rendered":"<p>Kao i na pro\u0161logodi\u0161njem Adventu u Vinkovcima, i ove godine \u0107e koncerti \u010detvrtkom gdje na pozornici u pje\u0161a\u010dkoj zoni nastupaju zborovi mladih iz slavonskih \u017eupa, sigurno pobuditi pozornost ljubitelja zbornog pjevanja.<\/p>\n<p>Prvog \u010detvrtka, <strong>7. prosinca nastupa osje\u010dki bend I Four<\/strong>, a drugog \u010detvrtka, <strong>14. prosinca<\/strong> vinkova\u010dkoj glazbenoj publici predstavit \u0107e se <strong>VIS Damjan<\/strong>, iz \u017eupe sv. Filipa i Jakova u Vukovaru, nakon toga <strong>Zbor mladih \u201eRadost\u201c<\/strong> \u017eupe sv. Mihaela Arkan\u0111ela u Cerni i <strong>Zbor mladih \u201eLahor\u201c<\/strong>, \u017eupe Ro\u0111enja sv. Ivana Krstitelja u Ivankovu.<\/p>\n<p>Tre\u0107eg \u010detvrtka , <strong>21. prosinca<\/strong> tako\u0111er \u0107e nastupiti tri \u017eupna zbora \u2013 <strong>Zbor mladih \u201eGlas srca\u201c<\/strong>, \u017eupe Kraljice sv. Krunice u Vo\u0111incima, <strong>Zbor mladih \u017eupe sv. \u0106irila i Metoda \u201eAdomarus\u201c<\/strong>\u00a0 iz Osijeka i <strong>Zbor mladih \u017eupe Duha svetoga<\/strong> u Nu\u0161tru. \u00a0Svi oni izvode duhovnu, ali i svjetovnu zborsku glazbu.<\/p>","protected":false},"excerpt":{"rendered":"<p>Kao i na pro\u0161logodi\u0161njem Adventu u Vinkovcima, i ove godine \u0107e koncerti \u010detvrtkom gdje na pozornici u pje\u0161a\u010dkoj zoni nastupaju zborovi mladih iz slavonskih \u017eupa, sigurno pobuditi pozornost ljubitelja zbornog pjevanja. Prvog \u010detvrtka, 7. prosinca nastupa osje\u010dki bend I Four, a drugog \u010detvrtka, 14. prosinca vinkova\u010dkoj glazbenoj publici predstavit \u0107e se VIS Damjan, iz \u017eupe [&hellip;]<\/p>","protected":false},"author":2,"featured_media":4624,"comment_status":"open","ping_status":"open","sticky":false,"template":"","format":"standard","meta":{"_et_pb_use_builder":"","_et_pb_old_content":"","_et_gb_content_width":"","footnotes":""},"categories":[2],"tags":[],"class_list":["post-4623","post","type-post","status-publish","format-standard","has-post-thumbnail","hentry","category-novosti"],"_links":{"self":[{"href":"https:\/\/www.adventvinkovci.com\/en\/wp-json\/wp\/v2\/posts\/4623","targetHints":{"allow":["GET"]}}],"collection":[{"href":"https:\/\/www.adventvinkovci.com\/en\/wp-json\/wp\/v2\/posts"}],"about":[{"href":"https:\/\/www.adventvinkovci.com\/en\/wp-json\/wp\/v2\/types\/post"}],"author":[{"embeddable":true,"href":"https:\/\/www.adventvinkovci.com\/en\/wp-json\/wp\/v2\/users\/2"}],"replies":[{"embeddable":true,"href":"https:\/\/www.adventvinkovci.com\/en\/wp-json\/wp\/v2\/comments?post=4623"}],"version-history":[{"count":0,"href":"https:\/\/www.adventvinkovci.com\/en\/wp-json\/wp\/v2\/posts\/4623\/revisions"}],"wp:featuredmedia":[{"embeddable":true,"href":"https:\/\/www.adventvinkovci.com\/en\/wp-json\/wp\/v2\/media\/4624"}],"wp:attachment":[{"href":"https:\/\/www.adventvinkovci.com\/en\/wp-json\/wp\/v2\/media?parent=4623"}],"wp:term":[{"taxonomy":"category","embeddable":true,"href":"https:\/\/www.adventvinkovci.com\/en\/wp-json\/wp\/v2\/categories?post=4623"},{"taxonomy":"post_tag","embeddable":true,"href":"https:\/\/www.adventvinkovci.com\/en\/wp-json\/wp\/v2\/tags?post=4623"}],"curies":[{"name":"wp","href":"https:\/\/api.w.org\/{rel}","templated":true}]}}