{"id":4652,"date":"2017-11-29T00:18:21","date_gmt":"2017-11-28T23:18:21","guid":{"rendered":"http:\/\/www.adventvinkovci.com\/?p=4652"},"modified":"2017-11-29T00:18:21","modified_gmt":"2017-11-28T23:18:21","slug":"paljenje-adventskih-svijeca-uz-prigodni-program","status":"publish","type":"post","link":"https:\/\/www.adventvinkovci.com\/en\/paljenje-adventskih-svijeca-uz-prigodni-program\/","title":{"rendered":"Paljenje adventskih svije\u0107a uz prigodni program"},"content":{"rendered":"<p>Jedan od sredi\u0161njih doga\u0111anja na Adventu u Vinkovcima zasigurno su i subotnja paljenja adventskih svije\u0107a na adventskom vijencu koji je ove godine ure\u0111en na vodoskoku u parku na Trgu bana \u0160ok\u010devi\u0107a. Paljenja \u010detiri adventske svije\u0107e svake subote organizira neka od vinkova\u010dkih \u017eupa.<\/p>\n<p>Prvu adventsku svije\u0107u zapalit \u0107e u 20 sati u subotu 2. prosinca \u00a0uz prigodni program pjesmu i molitvu, vjernici iz \u017eupe sv. Vinka Pallottija, a sljede\u0107e subote 9. prosinca u isto vrijeme, 2. adventsku svije\u0107u pale vjernici \u017eupe Presvetog Srca Isusovog. Tre\u0107u adventsku svije\u0107u 16. prosinca upalit \u0107e zajedno \u017eupljani \u017eupe bl. Alojzija Stepinca i \u017eupe sv. \u0106irila i Metoda, dok \u0107e \u010detvrtu, 23. prosinca, ve\u010der uo\u010di badnjaka, upaliti \u017eupljani \u017eupa Bezgre\u0161nog Srca Marijina i sv. Euzebija i Poliona.<\/p>\n<p>Sve \u017eupe koje pale adventske svije\u0107e priredit \u0107e i kra\u0107i program kako bi uljep\u0161ali paljenje svije\u0107a i u\u010dinile ga \u0161to sve\u010danijim.<\/p>","protected":false},"excerpt":{"rendered":"<p>Jedan od sredi\u0161njih doga\u0111anja na Adventu u Vinkovcima zasigurno su i subotnja paljenja adventskih svije\u0107a na adventskom vijencu koji je ove godine ure\u0111en na vodoskoku u parku na Trgu bana \u0160ok\u010devi\u0107a. Paljenja \u010detiri adventske svije\u0107e svake subote organizira neka od vinkova\u010dkih \u017eupa. Prvu adventsku svije\u0107u zapalit \u0107e u 20 sati u subotu 2. prosinca \u00a0uz [&hellip;]<\/p>","protected":false},"author":2,"featured_media":4648,"comment_status":"open","ping_status":"open","sticky":false,"template":"","format":"standard","meta":{"_et_pb_use_builder":"","_et_pb_old_content":"","_et_gb_content_width":"","footnotes":""},"categories":[2],"tags":[],"class_list":["post-4652","post","type-post","status-publish","format-standard","has-post-thumbnail","hentry","category-novosti"],"_links":{"self":[{"href":"https:\/\/www.adventvinkovci.com\/en\/wp-json\/wp\/v2\/posts\/4652","targetHints":{"allow":["GET"]}}],"collection":[{"href":"https:\/\/www.adventvinkovci.com\/en\/wp-json\/wp\/v2\/posts"}],"about":[{"href":"https:\/\/www.adventvinkovci.com\/en\/wp-json\/wp\/v2\/types\/post"}],"author":[{"embeddable":true,"href":"https:\/\/www.adventvinkovci.com\/en\/wp-json\/wp\/v2\/users\/2"}],"replies":[{"embeddable":true,"href":"https:\/\/www.adventvinkovci.com\/en\/wp-json\/wp\/v2\/comments?post=4652"}],"version-history":[{"count":0,"href":"https:\/\/www.adventvinkovci.com\/en\/wp-json\/wp\/v2\/posts\/4652\/revisions"}],"wp:featuredmedia":[{"embeddable":true,"href":"https:\/\/www.adventvinkovci.com\/en\/wp-json\/wp\/v2\/media\/4648"}],"wp:attachment":[{"href":"https:\/\/www.adventvinkovci.com\/en\/wp-json\/wp\/v2\/media?parent=4652"}],"wp:term":[{"taxonomy":"category","embeddable":true,"href":"https:\/\/www.adventvinkovci.com\/en\/wp-json\/wp\/v2\/categories?post=4652"},{"taxonomy":"post_tag","embeddable":true,"href":"https:\/\/www.adventvinkovci.com\/en\/wp-json\/wp\/v2\/tags?post=4652"}],"curies":[{"name":"wp","href":"https:\/\/api.w.org\/{rel}","templated":true}]}}