{"id":4680,"date":"2017-12-06T14:42:01","date_gmt":"2017-12-06T13:42:01","guid":{"rendered":"http:\/\/www.adventvinkovci.com\/?p=4680"},"modified":"2017-12-06T14:42:01","modified_gmt":"2017-12-06T13:42:01","slug":"na-pozornici-ispod-jelke-u-cetvrtak-nastupa-osjecki-i-four","status":"publish","type":"post","link":"https:\/\/www.adventvinkovci.com\/en\/na-pozornici-ispod-jelke-u-cetvrtak-nastupa-osjecki-i-four\/","title":{"rendered":"Na pozornici ispod jelke u \u010detvrtak nastupa osje\u010dki I Four"},"content":{"rendered":"<p class=\"m6817056961462621313gmail-msonormal\"><span style=\"font-size: 14.0pt;\">U sklopu Adventa u Vinkovcima koji traje sve do 7. sije\u010dnja, u \u010detvrtak 7. prosinca na pozornici ispod bo\u017ei\u0107ne jelke na Trgu bana \u0160ok\u010devi\u0107a, s po\u010detkom u 19 sati nastupa osje\u010dki bend I Four. To je ujedno i najava koncerata \u010detvrtkom na kojima \u0107e 14. i 21.\u00a0 prosinca nastupiti po tri pjeva\u010dka \u017eupna zbora \u00a0mladih. <\/span><\/p>\n<p class=\"m6817056961462621313gmail-msonormal\"><span style=\"font-size: 14.0pt;\">Osje\u010dki bend je sastavljen od poznatih i priznatih glazbenika s podru\u010dja Osijeka i u svome izri\u010daju njeguje glazbu ameri\u010dkih korijena: rock, country, blues&#8230;\u00a0 <\/span><\/p>\n<p class=\"m6817056961462621313gmail-msonormal\"><span style=\"font-size: 14.0pt;\">I Four \u010dine Ivan Kova\u010devi\u0107 Jimi, akusti\u010dlna i elektri\u010dna gitara, te vode\u0107i vokal, Ivan Kne\u017eevi\u0107 \u2013 akusti\u010dna i elektri\u010dna gitara i prate\u0107i vokal, Ivan Fekete \u2013 bas i prate\u0107i vokal i Ivan \u0160mit \u0160mele, bubnjevi i prate\u0107i vokal.<\/span><\/p>\n<p class=\"m6817056961462621313gmail-msonormal\"><span style=\"font-size: 14.0pt;\">U Gradskoj knji\u017enici u \u010detvrtak je od 15,30 do 17 sati kreativna radionica za djecu \u201eZagrli snje\u0161ka\u201c.<\/span><\/p>\n\n\t\t<style type=\"text\/css\">\n\t\t\t#gallery-1 {\n\t\t\t\tmargin: auto;\n\t\t\t}\n\t\t\t#gallery-1 .gallery-item {\n\t\t\t\tfloat: left;\n\t\t\t\tmargin-top: 10px;\n\t\t\t\ttext-align: center;\n\t\t\t\twidth: 25%;\n\t\t\t}\n\t\t\t#gallery-1 img {\n\t\t\t\tborder: 2px solid #cfcfcf;\n\t\t\t}\n\t\t\t#gallery-1 .gallery-caption {\n\t\t\t\tmargin-left: 0;\n\t\t\t}\n\t\t\t\/* see gallery_shortcode() in wp-includes\/media.php *\/\n\t\t<\/style>\n\t\t<div id='gallery-1' class='gallery galleryid-4680 gallery-columns-4 gallery-size-thumbnail'><dl class='gallery-item'>\n\t\t\t<dt class='gallery-icon landscape'>\n\t\t\t\t<a href='https:\/\/www.adventvinkovci.com\/wp-content\/uploads\/2017\/12\/1.jpg'><img loading=\"lazy\" decoding=\"async\" width=\"150\" height=\"150\" src=\"https:\/\/www.adventvinkovci.com\/wp-content\/uploads\/2017\/12\/1-150x150.jpg\" class=\"attachment-thumbnail size-thumbnail\" alt=\"\" \/><\/a>\n\t\t\t<\/dt><\/dl><dl class='gallery-item'>\n\t\t\t<dt class='gallery-icon landscape'>\n\t\t\t\t<a href='https:\/\/www.adventvinkovci.com\/wp-content\/uploads\/2017\/12\/4.jpg'><img loading=\"lazy\" decoding=\"async\" width=\"150\" height=\"150\" src=\"https:\/\/www.adventvinkovci.com\/wp-content\/uploads\/2017\/12\/4-150x150.jpg\" class=\"attachment-thumbnail size-thumbnail\" alt=\"\" \/><\/a>\n\t\t\t<\/dt><\/dl><dl class='gallery-item'>\n\t\t\t<dt class='gallery-icon portrait'>\n\t\t\t\t<a href='https:\/\/www.adventvinkovci.com\/wp-content\/uploads\/2017\/12\/2.jpg'><img loading=\"lazy\" decoding=\"async\" width=\"150\" height=\"150\" src=\"https:\/\/www.adventvinkovci.com\/wp-content\/uploads\/2017\/12\/2-150x150.jpg\" class=\"attachment-thumbnail size-thumbnail\" alt=\"\" \/><\/a>\n\t\t\t<\/dt><\/dl><dl class='gallery-item'>\n\t\t\t<dt class='gallery-icon landscape'>\n\t\t\t\t<a href='https:\/\/www.adventvinkovci.com\/wp-content\/uploads\/2017\/12\/3.jpg'><img loading=\"lazy\" decoding=\"async\" width=\"150\" height=\"150\" src=\"https:\/\/www.adventvinkovci.com\/wp-content\/uploads\/2017\/12\/3-150x150.jpg\" class=\"attachment-thumbnail size-thumbnail\" alt=\"\" \/><\/a>\n\t\t\t<\/dt><\/dl><br style=\"clear: both\" \/>\n\t\t<\/div>","protected":false},"excerpt":{"rendered":"<p>U sklopu Adventa u Vinkovcima koji traje sve do 7. sije\u010dnja, u \u010detvrtak 7. prosinca na pozornici ispod bo\u017ei\u0107ne jelke na Trgu bana \u0160ok\u010devi\u0107a, s po\u010detkom u 19 sati nastupa osje\u010dki bend I Four. To je ujedno i najava koncerata \u010detvrtkom na kojima \u0107e 14. i 21.\u00a0 prosinca nastupiti po tri pjeva\u010dka \u017eupna zbora \u00a0mladih. [&hellip;]<\/p>","protected":false},"author":2,"featured_media":4681,"comment_status":"open","ping_status":"open","sticky":false,"template":"","format":"standard","meta":{"_et_pb_use_builder":"","_et_pb_old_content":"","_et_gb_content_width":"","footnotes":""},"categories":[2],"tags":[],"class_list":["post-4680","post","type-post","status-publish","format-standard","has-post-thumbnail","hentry","category-novosti"],"_links":{"self":[{"href":"https:\/\/www.adventvinkovci.com\/en\/wp-json\/wp\/v2\/posts\/4680","targetHints":{"allow":["GET"]}}],"collection":[{"href":"https:\/\/www.adventvinkovci.com\/en\/wp-json\/wp\/v2\/posts"}],"about":[{"href":"https:\/\/www.adventvinkovci.com\/en\/wp-json\/wp\/v2\/types\/post"}],"author":[{"embeddable":true,"href":"https:\/\/www.adventvinkovci.com\/en\/wp-json\/wp\/v2\/users\/2"}],"replies":[{"embeddable":true,"href":"https:\/\/www.adventvinkovci.com\/en\/wp-json\/wp\/v2\/comments?post=4680"}],"version-history":[{"count":0,"href":"https:\/\/www.adventvinkovci.com\/en\/wp-json\/wp\/v2\/posts\/4680\/revisions"}],"wp:featuredmedia":[{"embeddable":true,"href":"https:\/\/www.adventvinkovci.com\/en\/wp-json\/wp\/v2\/media\/4681"}],"wp:attachment":[{"href":"https:\/\/www.adventvinkovci.com\/en\/wp-json\/wp\/v2\/media?parent=4680"}],"wp:term":[{"taxonomy":"category","embeddable":true,"href":"https:\/\/www.adventvinkovci.com\/en\/wp-json\/wp\/v2\/categories?post=4680"},{"taxonomy":"post_tag","embeddable":true,"href":"https:\/\/www.adventvinkovci.com\/en\/wp-json\/wp\/v2\/tags?post=4680"}],"curies":[{"name":"wp","href":"https:\/\/api.w.org\/{rel}","templated":true}]}}