{"id":4693,"date":"2017-12-09T12:20:24","date_gmt":"2017-12-09T11:20:24","guid":{"rendered":"http:\/\/www.adventvinkovci.com\/?p=4693"},"modified":"2017-12-09T12:20:24","modified_gmt":"2017-12-09T11:20:24","slug":"paljenje-druge-adventske-svijece","status":"publish","type":"post","link":"https:\/\/www.adventvinkovci.com\/en\/paljenje-druge-adventske-svijece\/","title":{"rendered":"Paljenje druge adventske svije\u0107e"},"content":{"rendered":"<p class=\"m-1408604587261046525gmail-msonormal\"><span style=\"font-size: 14.0pt;\">Drugu adventsku svije\u0107u upalit \u0107e vjernici \u017eupe Presvetog Srca Isusovog iz Vinkovaca. \u017dupljani \u0107e se okupiti ispred svoje \u017eupne crkve u 19.30 sati te u procesiji s upaljenim svije\u0107ama u rukama krenuti kroz gradske ulice do parka. Putem \u0107e pjevati adventske pjesme i moliti molitve. Procesiju i sam obred paljenja druge adventske svije\u0107e predvodit \u0107e \u017eupnik vl\u010d. Ladislav Dort uz asistenciju \u0111akona vl\u010d. Luke Ivkovi\u0107a. Pjevanje \u0107e predvoditi veliki mje\u0161oviti \u017eupni zbor pod vodstvom prof. Branke Alvi\u017e.\u00a0 <\/span><\/p>\n<p class=\"m-1408604587261046525gmail-msonormal\"><span style=\"font-size: 14.0pt;\">Druga adventska svije\u0107a je svije\u0107a spasenja, i \u017eeli nam pogled, jo\u0161 sna\u017enije usmjeriti prema Betlehemu, jer se tamo ra\u0111a na\u0161 Spasitelj i na\u0161e spasenje. Iz drevnog panja ni\u010de klica, a pustinja ra\u0111a neo\u010dekivanim cvijetom. Cijelo se \u010dovje\u010danstvo budi i izlazi iz tjeskobe, jer se Bog ra\u0111a u na\u0161em tijelu. Zato kod paljenja druge adventske svije\u0107e posebno trebamo moliti Gospodina da svatko od nas otvori svoj \u017eivot, da bi nicala, cvala, ra\u0111ala se i ostala upaljena nada u na\u0161em srcu. Trebamo moliti Gospodina da zapali na\u0161 \u017eivot ognjem svoga Duha i pomogne nam prepoznavati svoju prisutnost koja zlo preobra\u017eava u dobro. Ako u na\u0161em srcu prona\u0111e nemir i zatvorenost, neka nam poka\u017ee put opra\u0161tanja; ako je u na\u0161em srcu oluja, neka u njega unese utjehu i svoj mir, ka\u017eu u \u017eupi Presvetog Srca Isusovog i dodaju da pale\u0107i drugu svije\u0107u vapimo: Do\u0111i, Gospodine Isuse, osvijetli na\u0161e \u017eivote svojom ljubavlju. \u010cekamo te upaljenom \u010de\u017enjom i svjetiljkama ispunjenim budu\u0107no\u0161\u0107u.<\/span><\/p>","protected":false},"excerpt":{"rendered":"<p>Drugu adventsku svije\u0107u upalit \u0107e vjernici \u017eupe Presvetog Srca Isusovog iz Vinkovaca. \u017dupljani \u0107e se okupiti ispred svoje \u017eupne crkve u 19.30 sati te u procesiji s upaljenim svije\u0107ama u rukama krenuti kroz gradske ulice do parka. Putem \u0107e pjevati adventske pjesme i moliti molitve. Procesiju i sam obred paljenja druge adventske svije\u0107e predvodit \u0107e [&hellip;]<\/p>","protected":false},"author":2,"featured_media":4695,"comment_status":"open","ping_status":"open","sticky":false,"template":"","format":"standard","meta":{"_et_pb_use_builder":"","_et_pb_old_content":"","_et_gb_content_width":"","footnotes":""},"categories":[2],"tags":[],"class_list":["post-4693","post","type-post","status-publish","format-standard","has-post-thumbnail","hentry","category-novosti"],"_links":{"self":[{"href":"https:\/\/www.adventvinkovci.com\/en\/wp-json\/wp\/v2\/posts\/4693","targetHints":{"allow":["GET"]}}],"collection":[{"href":"https:\/\/www.adventvinkovci.com\/en\/wp-json\/wp\/v2\/posts"}],"about":[{"href":"https:\/\/www.adventvinkovci.com\/en\/wp-json\/wp\/v2\/types\/post"}],"author":[{"embeddable":true,"href":"https:\/\/www.adventvinkovci.com\/en\/wp-json\/wp\/v2\/users\/2"}],"replies":[{"embeddable":true,"href":"https:\/\/www.adventvinkovci.com\/en\/wp-json\/wp\/v2\/comments?post=4693"}],"version-history":[{"count":0,"href":"https:\/\/www.adventvinkovci.com\/en\/wp-json\/wp\/v2\/posts\/4693\/revisions"}],"wp:featuredmedia":[{"embeddable":true,"href":"https:\/\/www.adventvinkovci.com\/en\/wp-json\/wp\/v2\/media\/4695"}],"wp:attachment":[{"href":"https:\/\/www.adventvinkovci.com\/en\/wp-json\/wp\/v2\/media?parent=4693"}],"wp:term":[{"taxonomy":"category","embeddable":true,"href":"https:\/\/www.adventvinkovci.com\/en\/wp-json\/wp\/v2\/categories?post=4693"},{"taxonomy":"post_tag","embeddable":true,"href":"https:\/\/www.adventvinkovci.com\/en\/wp-json\/wp\/v2\/tags?post=4693"}],"curies":[{"name":"wp","href":"https:\/\/api.w.org\/{rel}","templated":true}]}}