{"id":4697,"date":"2017-12-10T22:32:18","date_gmt":"2017-12-10T21:32:18","guid":{"rendered":"http:\/\/www.adventvinkovci.com\/?p=4697"},"modified":"2017-12-10T22:32:18","modified_gmt":"2017-12-10T21:32:18","slug":"zapaljena-druga-adventska-svijeca-u-vinkovcima","status":"publish","type":"post","link":"https:\/\/www.adventvinkovci.com\/en\/zapaljena-druga-adventska-svijeca-u-vinkovcima\/","title":{"rendered":"Zapaljena druga adventska svije\u0107a u Vinkovcima"},"content":{"rendered":"<p>Uz molitvu, pjesmu i s lampa\u0161ima u rukama u procesiji su u sredi\u0161nji gradski park\u00a0 ove subote do\u0161li brojni\u00a0 \u017eupljani \u017dupe Presvetog Srca Isusova s Lapovaca. Nakon molitve i pjesme drugu adventsku svije\u0107u mira zapalila je najmla\u0111a \u017eupljanka ove \u017eupe iz procesije, \u010detverogodi\u0161nja Lorena Vrka\u0161evi\u0107. \u017dupnik Vladislav Dort kao poruku paljenja druge adventske svije\u0107e je rekao:<\/p>\n<p>\u201cOva\u00a0 druga nedjelja do\u0161a\u0161\u0107a nam donosi kao glavni lik Ivana Krstitelja o kojem trebamo razmi\u0161ljati i koji nas poziva na obra\u0107anje srca, da pripravimo put Gospodinu. \u017deli nas podsjetiti da Advent nije sve ovo blje\u0161tavilo oko nas, nego da je Advent vrijeme kada se mi vjernici, kr\u0161\u0107ani trebamo malo preispitati koliko smo Bogu vjerni, koliko \u010dinimo bo\u017eja djela, koliko idemo pravim putem, koliko ljubimo brata \u010dovjeka koji je kraj nas i da se trudimo ispraviti ono \u0161to je neravno na tom putu da Gospodin do\u0111e u na\u0161a srca.\u201c<\/p>\n<p>Paljenju druge adventske svije\u0107e nazo\u010dila je i dr. Kata Kre\u0161i\u0107, zamjenica vinkova\u010dkog gradona\u010delnika, koja je,me\u0111u ostalim, rekla je da je ovo poruka mira, s posebnom simbolikom paljenja svije\u0107e mlade Lorene da svijetlo kre\u0107e od onih najmla\u0111ih i da ono\u00a0 kasnije zasjaji i u nama starijima.<\/p>\n<p><img loading=\"lazy\" decoding=\"async\" class=\"alignnone size-full wp-image-4700\" src=\"http:\/\/www.adventvinkovci.com\/wp-content\/uploads\/2017\/12\/2-svijeca.jpg\" alt=\"\" width=\"1200\" height=\"799\" srcset=\"http:\/\/www.adventvinkovci.com\/wp-content\/uploads\/2017\/12\/2-svijeca.jpg 1200w, http:\/\/www.adventvinkovci.com\/wp-content\/uploads\/2017\/12\/2-svijeca-980x653.jpg 980w, http:\/\/www.adventvinkovci.com\/wp-content\/uploads\/2017\/12\/2-svijeca-480x320.jpg 480w\" sizes=\"(min-width: 0px) and (max-width: 480px) 480px, (min-width: 481px) and (max-width: 980px) 980px, (min-width: 981px) 1200px, 100vw\" \/><\/p>","protected":false},"excerpt":{"rendered":"<p>Uz molitvu, pjesmu i s lampa\u0161ima u rukama u procesiji su u sredi\u0161nji gradski park\u00a0 ove subote do\u0161li brojni\u00a0 \u017eupljani \u017dupe Presvetog Srca Isusova s Lapovaca. Nakon molitve i pjesme drugu adventsku svije\u0107u mira zapalila je najmla\u0111a \u017eupljanka ove \u017eupe iz procesije, \u010detverogodi\u0161nja Lorena Vrka\u0161evi\u0107. \u017dupnik Vladislav Dort kao poruku paljenja druge adventske svije\u0107e je [&hellip;]<\/p>","protected":false},"author":2,"featured_media":4699,"comment_status":"open","ping_status":"open","sticky":false,"template":"","format":"standard","meta":{"_et_pb_use_builder":"","_et_pb_old_content":"","_et_gb_content_width":"","footnotes":""},"categories":[2],"tags":[],"class_list":["post-4697","post","type-post","status-publish","format-standard","has-post-thumbnail","hentry","category-novosti"],"_links":{"self":[{"href":"https:\/\/www.adventvinkovci.com\/en\/wp-json\/wp\/v2\/posts\/4697","targetHints":{"allow":["GET"]}}],"collection":[{"href":"https:\/\/www.adventvinkovci.com\/en\/wp-json\/wp\/v2\/posts"}],"about":[{"href":"https:\/\/www.adventvinkovci.com\/en\/wp-json\/wp\/v2\/types\/post"}],"author":[{"embeddable":true,"href":"https:\/\/www.adventvinkovci.com\/en\/wp-json\/wp\/v2\/users\/2"}],"replies":[{"embeddable":true,"href":"https:\/\/www.adventvinkovci.com\/en\/wp-json\/wp\/v2\/comments?post=4697"}],"version-history":[{"count":0,"href":"https:\/\/www.adventvinkovci.com\/en\/wp-json\/wp\/v2\/posts\/4697\/revisions"}],"wp:featuredmedia":[{"embeddable":true,"href":"https:\/\/www.adventvinkovci.com\/en\/wp-json\/wp\/v2\/media\/4699"}],"wp:attachment":[{"href":"https:\/\/www.adventvinkovci.com\/en\/wp-json\/wp\/v2\/media?parent=4697"}],"wp:term":[{"taxonomy":"category","embeddable":true,"href":"https:\/\/www.adventvinkovci.com\/en\/wp-json\/wp\/v2\/categories?post=4697"},{"taxonomy":"post_tag","embeddable":true,"href":"https:\/\/www.adventvinkovci.com\/en\/wp-json\/wp\/v2\/tags?post=4697"}],"curies":[{"name":"wp","href":"https:\/\/api.w.org\/{rel}","templated":true}]}}