{"id":4702,"date":"2017-12-13T17:13:41","date_gmt":"2017-12-13T16:13:41","guid":{"rendered":"http:\/\/www.adventvinkovci.com\/?p=4702"},"modified":"2017-12-13T17:13:41","modified_gmt":"2017-12-13T16:13:41","slug":"pocinju-koncerti-zupnih-zborova-mladih-cetvrtkom","status":"publish","type":"post","link":"https:\/\/www.adventvinkovci.com\/en\/pocinju-koncerti-zupnih-zborova-mladih-cetvrtkom\/","title":{"rendered":"Po\u010dinju koncerti \u017eupnih zborova mladih \u010detvrtkom"},"content":{"rendered":"<p class=\"m_3991898007128095510gmail-MsoNormal\">Kao i na pro\u0161logodi\u0161njem Adventu u Vinkovcima, i ove godine \u0107e koncerti \u010detvrtkom gdje na pozornici ispod bo\u017ei\u0107ne jelke u pje\u0161a\u010dkoj zoni nastupaju zborovi mladih iz slavonskih \u017eupa, sigurno pobuditi pozornost ljubitelja zbornog pjevanja.<\/p>\n<p class=\"m_3991898007128095510gmail-MsoNormal\">Ovog \u010detvrtka, 14. prosinca vinkova\u010dkoj glazbenoj publici predstavit \u0107e se <strong>VIS Damjan, iz \u017eupe sv. Filipa i Jakova u Vukovaru<\/strong>, nakon toga <strong>Zbor mladih \u201eRadost\u201c \u017eupe sv. Mihaela Arkan\u0111ela u Cerni i Zbor mladih \u201eLahor\u201c, \u017eupe Ro\u0111enja sv. Ivana Krstitelja u Ivankovu<\/strong>. Svi ovi zborovi mladih izvode duhovnu zborsku glazbu ali i svjetovnu. Koncerti traju po 30-ak minuta i program po\u010dinje u 18,30 sati. Prije i nakon koncerta, ako vrijeme to dozvoli, posjetitelji \u0107e mo\u0107i u\u017eivati u klizali\u0161tu ili u ponudi ugostitelja u ku\u0107icama oko klizali\u0161ta, a najmla\u0111u u vo\u017enji vlaki\u0107em, auti\u0107ima i gusarkoj la\u0111i.<\/p>\n<p class=\"m_3991898007128095510gmail-MsoNormal\">Iako najavljen za \u010detvrtak u 11 sati u pje\u0161a\u010dkoj zoni, Umirovljeni\u010dki advent u organizaciji Matice Udruga umirovljenika Vukovarsko-srijemske \u017eupanije ne\u0107e se odr\u017eati iz tehni\u010dkih razloga.<\/p>","protected":false},"excerpt":{"rendered":"<p>Kao i na pro\u0161logodi\u0161njem Adventu u Vinkovcima, i ove godine \u0107e koncerti \u010detvrtkom gdje na pozornici ispod bo\u017ei\u0107ne jelke u pje\u0161a\u010dkoj zoni nastupaju zborovi mladih iz slavonskih \u017eupa, sigurno pobuditi pozornost ljubitelja zbornog pjevanja. Ovog \u010detvrtka, 14. prosinca vinkova\u010dkoj glazbenoj publici predstavit \u0107e se VIS Damjan, iz \u017eupe sv. Filipa i Jakova u Vukovaru, nakon [&hellip;]<\/p>","protected":false},"author":2,"featured_media":4704,"comment_status":"open","ping_status":"open","sticky":false,"template":"","format":"standard","meta":{"_et_pb_use_builder":"","_et_pb_old_content":"","_et_gb_content_width":"","footnotes":""},"categories":[2],"tags":[],"class_list":["post-4702","post","type-post","status-publish","format-standard","has-post-thumbnail","hentry","category-novosti"],"_links":{"self":[{"href":"https:\/\/www.adventvinkovci.com\/en\/wp-json\/wp\/v2\/posts\/4702","targetHints":{"allow":["GET"]}}],"collection":[{"href":"https:\/\/www.adventvinkovci.com\/en\/wp-json\/wp\/v2\/posts"}],"about":[{"href":"https:\/\/www.adventvinkovci.com\/en\/wp-json\/wp\/v2\/types\/post"}],"author":[{"embeddable":true,"href":"https:\/\/www.adventvinkovci.com\/en\/wp-json\/wp\/v2\/users\/2"}],"replies":[{"embeddable":true,"href":"https:\/\/www.adventvinkovci.com\/en\/wp-json\/wp\/v2\/comments?post=4702"}],"version-history":[{"count":0,"href":"https:\/\/www.adventvinkovci.com\/en\/wp-json\/wp\/v2\/posts\/4702\/revisions"}],"wp:featuredmedia":[{"embeddable":true,"href":"https:\/\/www.adventvinkovci.com\/en\/wp-json\/wp\/v2\/media\/4704"}],"wp:attachment":[{"href":"https:\/\/www.adventvinkovci.com\/en\/wp-json\/wp\/v2\/media?parent=4702"}],"wp:term":[{"taxonomy":"category","embeddable":true,"href":"https:\/\/www.adventvinkovci.com\/en\/wp-json\/wp\/v2\/categories?post=4702"},{"taxonomy":"post_tag","embeddable":true,"href":"https:\/\/www.adventvinkovci.com\/en\/wp-json\/wp\/v2\/tags?post=4702"}],"curies":[{"name":"wp","href":"https:\/\/api.w.org\/{rel}","templated":true}]}}