{"id":4706,"date":"2017-12-16T20:58:40","date_gmt":"2017-12-16T19:58:40","guid":{"rendered":"http:\/\/www.adventvinkovci.com\/?p=4706"},"modified":"2017-12-16T20:58:40","modified_gmt":"2017-12-16T19:58:40","slug":"upaljena-treca-adventska-svijeca","status":"publish","type":"post","link":"https:\/\/www.adventvinkovci.com\/en\/upaljena-treca-adventska-svijeca\/","title":{"rendered":"Upaljena tre\u0107a adventska svije\u0107a"},"content":{"rendered":"<p>U programu Adventa u Vinkovcima na adventskom vijencu u sredi\u0161njem gradskom parku upaljena je tre\u0107a adventska svije\u0107a. Kako bi je upalili u sredi\u0161te grada iz svoje \u017eupe ve\u010deras su u procesiji do\u0161li \u017eupljani \u017dupe sv. \u0106irila i Metoda.<\/p>\n<p><strong>&#8220;Poruka je svjetla adventskih svije\u0107a da Isus dolazi kao svjetlo za sve ljude, da nas spasi, oslobodi od grijeha, prosvijetli tmine na\u0161ega srca, da tako mo\u017eemo \u017eivjeti dostojno kr\u0161\u0107anskog \u017eivota&#8221;<\/strong> &#8211; istaknuo je Gabrijel Prekrati\u0107, \u0111akon u \u017dupi sv. \u0106irila i Metoda.<\/p>\n<p><img loading=\"lazy\" decoding=\"async\" class=\"size-medium wp-image-4708 alignleft\" src=\"http:\/\/www.adventvinkovci.com\/wp-content\/uploads\/2017\/12\/advent-tre\u0107a-svije\u0107a-16.12.17.-2.-300x169.jpg\" alt=\"\" width=\"300\" height=\"169\" \/>Tre\u0107u adventsku svije\u0107u upalila je mlada \u017eupljanka Magdalena Pavlovi\u0107, a sve\u010danosti je nazo\u010dio i gradona\u010delnik Vinkovaca Ivan Bosan\u010di\u0107.<\/p>\n<p><strong>&#8220;Drago mi je da paljenje adventskih svije\u0107a okuplja sve vi\u0161e gra\u0111ana oko adventskog vijenca jer to i je na\u010din kako treba do\u010dekati Bo\u017ei\u0107, otvorena srca i radosno, okrenuti svojim bli\u017enjima, svojim susjedima, ljudima koji su oko nas&#8221;<\/strong> &#8211; kazao je gradona\u010delnik Bosan\u010di\u0107.<\/p>","protected":false},"excerpt":{"rendered":"<p>U programu Adventa u Vinkovcima na adventskom vijencu u sredi\u0161njem gradskom parku upaljena je tre\u0107a adventska svije\u0107a. Kako bi je upalili u sredi\u0161te grada iz svoje \u017eupe ve\u010deras su u procesiji do\u0161li \u017eupljani \u017dupe sv. \u0106irila i Metoda. &#8220;Poruka je svjetla adventskih svije\u0107a da Isus dolazi kao svjetlo za sve ljude, da nas spasi, oslobodi [&hellip;]<\/p>","protected":false},"author":2,"featured_media":4707,"comment_status":"open","ping_status":"open","sticky":false,"template":"","format":"standard","meta":{"_et_pb_use_builder":"","_et_pb_old_content":"","_et_gb_content_width":"","footnotes":""},"categories":[2],"tags":[],"class_list":["post-4706","post","type-post","status-publish","format-standard","has-post-thumbnail","hentry","category-novosti"],"_links":{"self":[{"href":"https:\/\/www.adventvinkovci.com\/en\/wp-json\/wp\/v2\/posts\/4706","targetHints":{"allow":["GET"]}}],"collection":[{"href":"https:\/\/www.adventvinkovci.com\/en\/wp-json\/wp\/v2\/posts"}],"about":[{"href":"https:\/\/www.adventvinkovci.com\/en\/wp-json\/wp\/v2\/types\/post"}],"author":[{"embeddable":true,"href":"https:\/\/www.adventvinkovci.com\/en\/wp-json\/wp\/v2\/users\/2"}],"replies":[{"embeddable":true,"href":"https:\/\/www.adventvinkovci.com\/en\/wp-json\/wp\/v2\/comments?post=4706"}],"version-history":[{"count":0,"href":"https:\/\/www.adventvinkovci.com\/en\/wp-json\/wp\/v2\/posts\/4706\/revisions"}],"wp:featuredmedia":[{"embeddable":true,"href":"https:\/\/www.adventvinkovci.com\/en\/wp-json\/wp\/v2\/media\/4707"}],"wp:attachment":[{"href":"https:\/\/www.adventvinkovci.com\/en\/wp-json\/wp\/v2\/media?parent=4706"}],"wp:term":[{"taxonomy":"category","embeddable":true,"href":"https:\/\/www.adventvinkovci.com\/en\/wp-json\/wp\/v2\/categories?post=4706"},{"taxonomy":"post_tag","embeddable":true,"href":"https:\/\/www.adventvinkovci.com\/en\/wp-json\/wp\/v2\/tags?post=4706"}],"curies":[{"name":"wp","href":"https:\/\/api.w.org\/{rel}","templated":true}]}}