{"id":4719,"date":"2017-12-24T00:50:19","date_gmt":"2017-12-23T23:50:19","guid":{"rendered":"http:\/\/www.adventvinkovci.com\/?p=4719"},"modified":"2017-12-24T00:50:19","modified_gmt":"2017-12-23T23:50:19","slug":"na-adventskom-vijencu-u-sredistu-grada-upaljena-i-cetvrta-svijeca","status":"publish","type":"post","link":"https:\/\/www.adventvinkovci.com\/en\/na-adventskom-vijencu-u-sredistu-grada-upaljena-i-cetvrta-svijeca\/","title":{"rendered":"Na adventskom vijencu u sredi\u0161tu grada upaljena i \u010detvrta svije\u0107a"},"content":{"rendered":"<p><img loading=\"lazy\" decoding=\"async\" class=\"size-medium wp-image-4721 alignleft\" src=\"http:\/\/www.adventvinkovci.com\/wp-content\/uploads\/2017\/12\/svijeca_4-200x300.jpg\" alt=\"\" width=\"200\" height=\"300\" \/>Lana Cindri\u0107, osmogodi\u0161njakinja iz \u017dupe Bezgre\u0161nog Srca Marijina iz Vinkova\u010dkog Novog Sela upalila je posljednju \u010detvrtu adventsku svije\u0107u u Vinkovcima. U procesiji do vinkova\u010dkog parka\u00a0 zajedno su do\u0161li \u017eupljani te \u017eupe i sredi\u0161nje vinkova\u010dke \u017dupe sv. Euzebija i Poliona predvo\u0111eni svojim \u017eupnicima fra \u017deljkom Klari\u0107em i mons. Tadijom Pranji\u0107em. Paljenju svije\u0107a nazo\u010dili su i ministrica Gabrijela \u017dalac i gradona\u010delnik Ivan Bosan\u010di\u0107 koji je istaknuo zadovoljstvo organizacijom ovogodi\u0161njeg Adventa, a posebno mu je drago da su gra\u0111ani prepoznali ono \u0161to je grad pripremio za njih. Betlehemsko svjetlo do Vinkovaca su donijeli \u010dlanovi Odreda izvi\u0111a\u010da Vinkovaca.<\/p>\n<p>&nbsp;<\/p>","protected":false},"excerpt":{"rendered":"<p>Lana Cindri\u0107, osmogodi\u0161njakinja iz \u017dupe Bezgre\u0161nog Srca Marijina iz Vinkova\u010dkog Novog Sela upalila je posljednju \u010detvrtu adventsku svije\u0107u u Vinkovcima. U procesiji do vinkova\u010dkog parka\u00a0 zajedno su do\u0161li \u017eupljani te \u017eupe i sredi\u0161nje vinkova\u010dke \u017dupe sv. Euzebija i Poliona predvo\u0111eni svojim \u017eupnicima fra \u017deljkom Klari\u0107em i mons. Tadijom Pranji\u0107em. Paljenju svije\u0107a nazo\u010dili su i ministrica [&hellip;]<\/p>","protected":false},"author":2,"featured_media":4720,"comment_status":"open","ping_status":"open","sticky":false,"template":"","format":"standard","meta":{"_et_pb_use_builder":"","_et_pb_old_content":"","_et_gb_content_width":"","footnotes":""},"categories":[2],"tags":[],"class_list":["post-4719","post","type-post","status-publish","format-standard","has-post-thumbnail","hentry","category-novosti"],"_links":{"self":[{"href":"https:\/\/www.adventvinkovci.com\/en\/wp-json\/wp\/v2\/posts\/4719","targetHints":{"allow":["GET"]}}],"collection":[{"href":"https:\/\/www.adventvinkovci.com\/en\/wp-json\/wp\/v2\/posts"}],"about":[{"href":"https:\/\/www.adventvinkovci.com\/en\/wp-json\/wp\/v2\/types\/post"}],"author":[{"embeddable":true,"href":"https:\/\/www.adventvinkovci.com\/en\/wp-json\/wp\/v2\/users\/2"}],"replies":[{"embeddable":true,"href":"https:\/\/www.adventvinkovci.com\/en\/wp-json\/wp\/v2\/comments?post=4719"}],"version-history":[{"count":0,"href":"https:\/\/www.adventvinkovci.com\/en\/wp-json\/wp\/v2\/posts\/4719\/revisions"}],"wp:featuredmedia":[{"embeddable":true,"href":"https:\/\/www.adventvinkovci.com\/en\/wp-json\/wp\/v2\/media\/4720"}],"wp:attachment":[{"href":"https:\/\/www.adventvinkovci.com\/en\/wp-json\/wp\/v2\/media?parent=4719"}],"wp:term":[{"taxonomy":"category","embeddable":true,"href":"https:\/\/www.adventvinkovci.com\/en\/wp-json\/wp\/v2\/categories?post=4719"},{"taxonomy":"post_tag","embeddable":true,"href":"https:\/\/www.adventvinkovci.com\/en\/wp-json\/wp\/v2\/tags?post=4719"}],"curies":[{"name":"wp","href":"https:\/\/api.w.org\/{rel}","templated":true}]}}