{"id":4884,"date":"2018-10-29T13:15:55","date_gmt":"2018-10-29T12:15:55","guid":{"rendered":"http:\/\/www.adventvinkovci.com\/?p=4884"},"modified":"2018-10-29T13:15:55","modified_gmt":"2018-10-29T12:15:55","slug":"najavljen-advent-u-vinkovcima-ledeni-orion","status":"publish","type":"post","link":"https:\/\/www.adventvinkovci.com\/en\/najavljen-advent-u-vinkovcima-ledeni-orion\/","title":{"rendered":"Najavljen Advent u Vinkovcima &#8211; Ledeni Orion"},"content":{"rendered":"<p>Danas je u Maloj gradskoj vije\u0107nici odr\u017eana najavna konferencija nadolaze\u0107eg Adventa u Vinkovcima \u2013 Ledeni Orion! Advent, koji ove godine zapo\u010dinje 30. studenog <span lang=\"hr-HR\">i traje sve do 6. sije\u010dnja, najavili su organizatori doga\u0111anja: gradona\u010delnik Grada Vinkovaca Ivan Bosan\u010di\u0107, pro\u010delnica Upravnog odjela za kulturu i turizam Grada Vinkovaca Marija Li\u0161\u010di\u0107 Drmi\u0107 te direktorica medijske ku\u0107e Novosti, Mirjam Juki\u0107.<\/span><\/p>\n<p><!--more--><\/p>\n<p><img loading=\"lazy\" decoding=\"async\" width=\"2011\" height=\"1508\" class=\"aligncenter size-full wp-image-4885\" src=\"http:\/\/www.adventvinkovci.com\/wp-content\/uploads\/2018\/10\/advent-foto1-e1540815079861.jpg\" alt=\"\" srcset=\"http:\/\/www.adventvinkovci.com\/wp-content\/uploads\/2018\/10\/advent-foto1-e1540815079861.jpg 2011w, http:\/\/www.adventvinkovci.com\/wp-content\/uploads\/2018\/10\/advent-foto1-e1540815079861-1280x960.jpg 1280w, http:\/\/www.adventvinkovci.com\/wp-content\/uploads\/2018\/10\/advent-foto1-e1540815079861-980x735.jpg 980w, http:\/\/www.adventvinkovci.com\/wp-content\/uploads\/2018\/10\/advent-foto1-e1540815079861-480x360.jpg 480w\" sizes=\"(min-width: 0px) and (max-width: 480px) 480px, (min-width: 481px) and (max-width: 980px) 980px, (min-width: 981px) and (max-width: 1280px) 1280px, (min-width: 1281px) 2011px, 100vw\" \/><\/p>\n<p>&#8220;<strong>Pro\u0161logodi\u0161nji Advent bio je izvrsno prihva\u0107en me\u0111u gra\u0111anima i gostima koji su zbog njega posjetili na\u0161 grad. Ove godine \u017eelimo tu ljestvicu podi\u0107i jo\u0161 vi\u0161e. Kroz pripreme ovogodi\u0161njeg izdanja, uvidjeli smo na vrijeme nedostatke lanjskoj Adventa te smo ih nastojali promijeniti na zadovoljstvo svih. Ponajprije, pro\u0161irili smo klizali\u0161te jer sve vi\u0161e gra\u0111ana \u017eeli klizati. Pro\u0161irili smo ga na 500 \u010detvornih metara gdje \u0107e svatko dobiti priliku oku\u0161ati se u ovom sportu. Tako\u0111er, nadam se da \u0107e svatko prona\u0107i ne\u0161to za sebe i u zabavnom dijelu programa<\/strong>&#8220;, najavio je gradona\u010delnik Ivan Bosan\u010di\u0107.<img loading=\"lazy\" decoding=\"async\" width=\"1024\" height=\"683\" class=\"aligncenter size-full wp-image-4886\" src=\"http:\/\/www.adventvinkovci.com\/wp-content\/uploads\/2018\/10\/advent-foto-6.jpg\" alt=\"\" srcset=\"http:\/\/www.adventvinkovci.com\/wp-content\/uploads\/2018\/10\/advent-foto-6.jpg 1024w, http:\/\/www.adventvinkovci.com\/wp-content\/uploads\/2018\/10\/advent-foto-6-980x654.jpg 980w, http:\/\/www.adventvinkovci.com\/wp-content\/uploads\/2018\/10\/advent-foto-6-480x320.jpg 480w\" sizes=\"(min-width: 0px) and (max-width: 480px) 480px, (min-width: 481px) and (max-width: 980px) 980px, (min-width: 981px) 1024px, 100vw\" \/><\/p>\n<p align=\"JUSTIFY\"><span lang=\"hr-HR\">Advent u Vinkovcima najposje\u0107eniji je Advent u Slavoniji, a to je rezultat spoja duhovnih i zabavnih sadr\u017eaja, istaknuli su organizatori. P<\/span><span lang=\"hr-HR\">o prvi puta ove godine u\u017eiva podr\u0161ku i Turisti\u010dkog vije\u0107a Hrvatske turisti\u010dke zajednice koje je prepoznalo vrijedan dru\u0161tveni, turisti\u010dki i gospodarski aspekt manifestacije za Vukovarsko-srijemsku \u017eupaniju, ali i \u0161ire!<\/span><\/p>\n<p lang=\"hr-HR\" align=\"JUSTIFY\">&#8220;<strong>Nadamo se da \u0107e ove godine biti jo\u0161 vi\u0161e posjetitelja jer sve \u0161to radimo, radimo upravo s tim ciljem<\/strong>&#8220;, istaknula je pro\u010delnica Marija Li\u0161\u010di\u0107 Drmi\u0107.<\/p>\n<p lang=\"hr-HR\" align=\"JUSTIFY\"><img loading=\"lazy\" decoding=\"async\" width=\"1024\" height=\"683\" class=\"aligncenter size-full wp-image-4887\" src=\"http:\/\/www.adventvinkovci.com\/wp-content\/uploads\/2018\/10\/advent-foto-5.jpg\" alt=\"\" srcset=\"http:\/\/www.adventvinkovci.com\/wp-content\/uploads\/2018\/10\/advent-foto-5.jpg 1024w, http:\/\/www.adventvinkovci.com\/wp-content\/uploads\/2018\/10\/advent-foto-5-980x654.jpg 980w, http:\/\/www.adventvinkovci.com\/wp-content\/uploads\/2018\/10\/advent-foto-5-480x320.jpg 480w\" sizes=\"(min-width: 0px) and (max-width: 480px) 480px, (min-width: 481px) and (max-width: 980px) 980px, (min-width: 981px) 1024px, 100vw\" \/><\/p>\n<p lang=\"hr-HR\" align=\"JUSTIFY\">Nola, Zsa Zsa, sestre Husar, Emanuel neka su od zvu\u010dnih imena \u010dija \u0107e pjesma u sklopu Ledenog Oriona zabavljati gra\u0111ane u i\u0161\u010dekivanju najve\u0107eg obiteljskog blagdana. Ledeni Orion, jo\u0161 jedan od noviteta ovogodi\u0161njeg Adventa, naziv je projekta kojim su organizatori konkurirali prema Hrvatskoj turisti\u010dkoj zajednici, a obuhva\u0107a sav popratni i zabavni sadr\u017eaj tijekom manifestacije. Vi\u0161e o zabavnom programu, najavila je Juki\u0107:<\/p>\n<p lang=\"hr-HR\" align=\"JUSTIFY\">&#8220;<strong>Tvrtka Novosti u suradnji s Gradom prionula je u pripreme programskog dijela Adventa. Uz ono \u0161to Grad obi\u010dno organizira poput paljenja svije\u0107a ili bo\u017ei\u0107nog koncerta na Gimnaziji, doprinijeli smo koncertnom ponudom: \u010detvrtkom imamo koncerte duhovne glazbe, petkom promoviramo lokalne bendove, a subotom su tu koncerti malo popularnijih bendova. Sve to kako bi na\u0161 Advent bio posje\u0107en te da se uz klizanje i programe tijekom dana, gra\u0111ani mogu zabaviti i u ve\u010dernjim satima<\/strong>&#8220;.<\/p>\n<p lang=\"hr-HR\" align=\"JUSTIFY\"><img loading=\"lazy\" decoding=\"async\" width=\"1024\" height=\"683\" class=\"aligncenter size-full wp-image-4888\" src=\"http:\/\/www.adventvinkovci.com\/wp-content\/uploads\/2018\/10\/advent-foto-4.jpg\" alt=\"\" srcset=\"http:\/\/www.adventvinkovci.com\/wp-content\/uploads\/2018\/10\/advent-foto-4.jpg 1024w, http:\/\/www.adventvinkovci.com\/wp-content\/uploads\/2018\/10\/advent-foto-4-980x654.jpg 980w, http:\/\/www.adventvinkovci.com\/wp-content\/uploads\/2018\/10\/advent-foto-4-480x320.jpg 480w\" sizes=\"(min-width: 0px) and (max-width: 480px) 480px, (min-width: 481px) and (max-width: 980px) 980px, (min-width: 981px) 1024px, 100vw\" \/><\/p>\n<p lang=\"hr-HR\" align=\"JUSTIFY\"><span lang=\"hr-HR\">Naposljetku, organizatori su pozvali zainteresirane za najam prostora \u2013 ku\u0107ica i \u0161tandova, da svoje pisane iskaze do 15. studenog dostave na adresu Jurja Dalmatinca 29 ili na e-mail: prodaja@novosti.hr. Tako\u0111er, pozivaju se gra\u0111ani da se sa svojim prijedlozima i komentarima jave na e-mail: info@adventvinkovci.com te na taj na\u010din obogate program ovogodi\u0161njeg doga\u0111anja.<\/span><\/p>\n<p lang=\"hr-HR\" align=\"JUSTIFY\"><img decoding=\"async\" class=\"aligncenter size-full wp-image-4889\" src=\"http:\/\/www.adventvinkovci.com\/wp-content\/uploads\/2018\/10\/adventccc.jpg\" alt=\"\" \/><\/p>","protected":false},"excerpt":{"rendered":"<p>Danas je u Maloj gradskoj vije\u0107nici odr\u017eana najavna konferencija nadolaze\u0107eg Adventa u Vinkovcima \u2013 Ledeni Orion! Advent, koji ove godine zapo\u010dinje 30. studenog i traje sve do 6. sije\u010dnja, najavili su organizatori doga\u0111anja: gradona\u010delnik Grada Vinkovaca Ivan Bosan\u010di\u0107, pro\u010delnica Upravnog odjela za kulturu i turizam Grada Vinkovaca Marija Li\u0161\u010di\u0107 Drmi\u0107 te direktorica medijske ku\u0107e Novosti, [&hellip;]<\/p>","protected":false},"author":2,"featured_media":4885,"comment_status":"open","ping_status":"open","sticky":false,"template":"","format":"standard","meta":{"_et_pb_use_builder":"","_et_pb_old_content":"","_et_gb_content_width":"","footnotes":""},"categories":[2],"tags":[],"class_list":["post-4884","post","type-post","status-publish","format-standard","has-post-thumbnail","hentry","category-novosti"],"_links":{"self":[{"href":"https:\/\/www.adventvinkovci.com\/en\/wp-json\/wp\/v2\/posts\/4884","targetHints":{"allow":["GET"]}}],"collection":[{"href":"https:\/\/www.adventvinkovci.com\/en\/wp-json\/wp\/v2\/posts"}],"about":[{"href":"https:\/\/www.adventvinkovci.com\/en\/wp-json\/wp\/v2\/types\/post"}],"author":[{"embeddable":true,"href":"https:\/\/www.adventvinkovci.com\/en\/wp-json\/wp\/v2\/users\/2"}],"replies":[{"embeddable":true,"href":"https:\/\/www.adventvinkovci.com\/en\/wp-json\/wp\/v2\/comments?post=4884"}],"version-history":[{"count":0,"href":"https:\/\/www.adventvinkovci.com\/en\/wp-json\/wp\/v2\/posts\/4884\/revisions"}],"wp:featuredmedia":[{"embeddable":true,"href":"https:\/\/www.adventvinkovci.com\/en\/wp-json\/wp\/v2\/media\/4885"}],"wp:attachment":[{"href":"https:\/\/www.adventvinkovci.com\/en\/wp-json\/wp\/v2\/media?parent=4884"}],"wp:term":[{"taxonomy":"category","embeddable":true,"href":"https:\/\/www.adventvinkovci.com\/en\/wp-json\/wp\/v2\/categories?post=4884"},{"taxonomy":"post_tag","embeddable":true,"href":"https:\/\/www.adventvinkovci.com\/en\/wp-json\/wp\/v2\/tags?post=4884"}],"curies":[{"name":"wp","href":"https:\/\/api.w.org\/{rel}","templated":true}]}}