{"id":4968,"date":"2018-11-22T11:58:01","date_gmt":"2018-11-22T10:58:01","guid":{"rendered":"http:\/\/www.adventvinkovci.com\/?p=4968"},"modified":"2018-11-22T11:58:01","modified_gmt":"2018-11-22T10:58:01","slug":"prvi-bozicni-sajam-na-ledenom-orionu","status":"publish","type":"post","link":"https:\/\/www.adventvinkovci.com\/en\/prvi-bozicni-sajam-na-ledenom-orionu\/","title":{"rendered":"Prvi Bo\u017ei\u0107ni sajam na Ledenom Orionu"},"content":{"rendered":"<p>Grad Vinkovci, Novosti d.o.o. i Turisti\u010dka zajednica grada Vinkovaca kao glavni organizatori u prvih deset dana manifestacije, od 30. studenog do 9. prosinca, po prvi puta u sklopu Adventa u Vinkovcima \u2013 Ledeni Orion organiziraju Bo\u017ei\u0107ni sajam, na kojem \u0107e sudjelovati obrtnici, OPG-ovi, gospodarstvenici, ali i udruge. Sajam Posjetitelji \u0107e tako imati prigodu prona\u0107i ne\u0161to za sebe i svoje najmilije za predstoje\u0107e blagdane, a iz bogate ponude izlaga\u010da.<!--more--><\/p>\n<p>Tako \u0107e se na jednom mjestu na\u0107i dekupa\u017e, ljuti umaci, med i proizvodi od meda, licitar, srca, medenjaci, ljekovito i aromati\u010dno bilje, melemi, ali i tradicijski ru\u010dni radovi, vo\u0107ne rakije, te nezaobilazne igra\u010dke i prigodni program od drva. Na sajmu \u0107e se predstaviti i Drvodjelska tehni\u010dka \u0161kola Vinkovci, koja je izradila nove \u0161tandove za Grad Vinkovce, a na kojima \u0107e se odr\u017eati i prvi Bo\u017ei\u0107ni sajam. Radnim danima Sajam \u0107e biti otvoren od 15 do 22 sata, a vikendom od 10 do 22 sata.<\/p>\n<p>Na kraju recimo kako mjesta za izlaga\u010de jo\u0161 uvijek ima, pa se svi zainteresirani mogu prijaviti za Bo\u017ei\u0107ni sajam na <a href=\"mailto:prodaja@novosti.hr\">prodaja@novosti.hr<\/a> ili na broj telefona 032\/332-250.<\/p>","protected":false},"excerpt":{"rendered":"<p>Grad Vinkovci, Novosti d.o.o. i Turisti\u010dka zajednica grada Vinkovaca kao glavni organizatori u prvih deset dana manifestacije, od 30. studenog do 9. prosinca, po prvi puta u sklopu Adventa u Vinkovcima \u2013 Ledeni Orion organiziraju Bo\u017ei\u0107ni sajam, na kojem \u0107e sudjelovati obrtnici, OPG-ovi, gospodarstvenici, ali i udruge. Sajam Posjetitelji \u0107e tako imati prigodu prona\u0107i ne\u0161to [&hellip;]<\/p>","protected":false},"author":2,"featured_media":4969,"comment_status":"closed","ping_status":"closed","sticky":false,"template":"","format":"standard","meta":{"_et_pb_use_builder":"","_et_pb_old_content":"","_et_gb_content_width":"","footnotes":""},"categories":[2],"tags":[],"class_list":["post-4968","post","type-post","status-publish","format-standard","has-post-thumbnail","hentry","category-novosti"],"_links":{"self":[{"href":"https:\/\/www.adventvinkovci.com\/en\/wp-json\/wp\/v2\/posts\/4968","targetHints":{"allow":["GET"]}}],"collection":[{"href":"https:\/\/www.adventvinkovci.com\/en\/wp-json\/wp\/v2\/posts"}],"about":[{"href":"https:\/\/www.adventvinkovci.com\/en\/wp-json\/wp\/v2\/types\/post"}],"author":[{"embeddable":true,"href":"https:\/\/www.adventvinkovci.com\/en\/wp-json\/wp\/v2\/users\/2"}],"replies":[{"embeddable":true,"href":"https:\/\/www.adventvinkovci.com\/en\/wp-json\/wp\/v2\/comments?post=4968"}],"version-history":[{"count":0,"href":"https:\/\/www.adventvinkovci.com\/en\/wp-json\/wp\/v2\/posts\/4968\/revisions"}],"wp:featuredmedia":[{"embeddable":true,"href":"https:\/\/www.adventvinkovci.com\/en\/wp-json\/wp\/v2\/media\/4969"}],"wp:attachment":[{"href":"https:\/\/www.adventvinkovci.com\/en\/wp-json\/wp\/v2\/media?parent=4968"}],"wp:term":[{"taxonomy":"category","embeddable":true,"href":"https:\/\/www.adventvinkovci.com\/en\/wp-json\/wp\/v2\/categories?post=4968"},{"taxonomy":"post_tag","embeddable":true,"href":"https:\/\/www.adventvinkovci.com\/en\/wp-json\/wp\/v2\/tags?post=4968"}],"curies":[{"name":"wp","href":"https:\/\/api.w.org\/{rel}","templated":true}]}}