{"id":5113,"date":"2019-11-25T14:00:07","date_gmt":"2019-11-25T13:00:07","guid":{"rendered":"https:\/\/www.adventvinkovci.com\/?p=5113"},"modified":"2019-11-25T14:00:07","modified_gmt":"2019-11-25T13:00:07","slug":"uz-bogat-program-advent-donosi-i-veliku-gastronomsku-ponudu","status":"publish","type":"post","link":"https:\/\/www.adventvinkovci.com\/en\/uz-bogat-program-advent-donosi-i-veliku-gastronomsku-ponudu\/","title":{"rendered":"Uz bogat program, Advent donosi i veliku gastronomsku ponudu"},"content":{"rendered":"<p><strong>Jo\u0161 samo nekoliko dana ostalo je do po\u010detka Adventa u Vinkovcima koji \u0107e nam ove godine donijeti najljep\u0161u bo\u017ei\u0107nu pri\u010du do sada.<\/strong>\u00a0<strong>U veseloj blagdanskoj atmosferi i blagdanskoj \u010daroliji u\u017eivat \u0107e mnogi ljubitelji zabave, tradicije, ali i vjerskih sadr\u017eaja, a \u0161to nas sve \u010deka predstavljeno je danas na najavnoj medijskoj konferenciji odr\u017eanoj na mjestu doga\u0111aja \u2013 u pje\u0161a\u010dkoj zoni grada Vinkovaca.<\/strong><\/p>\n<p>Bo\u017ei\u0107na pri\u010da po\u010dinje 29. studenoga i donosi nam najbolje koncerte do sada, Bo\u017ei\u0107ni sajam, najdra\u017ee nam klizali\u0161te, tradicionalno paljenje adventskih svije\u0107a, kutak Djeda Bo\u017ei\u0107njaka, radionice za djecu te zabavni park. Ne\u0107e izostati ni bogata gastronomska ponuda i bo\u017ei\u0107ni sajam na kojemu \u0107e svatko mo\u0107i prona\u0107i ne\u0161to za sebe i svoje bli\u017enje. \u010carolija se polako pribli\u017eava, a u njoj \u0107e mo\u0107i u\u017eivati ba\u0161 svi.<\/p>\n<p><strong>\u201eNajbolji advent u Slavoniji i Baranji, kako su ga ocijenili pro\u0161le godine svi oni koji su bili ovdje, nastavlja se i ove godine kada \u0107e biti jo\u0161 ljep\u0161i, jo\u0161 ugodniji oku i jo\u0161 ugodniji za dru\u017eenje i vjerujem da \u0107e pobrati simpatije kao i pro\u0161le godine. Ove godine imamo jo\u0161 malo du\u017ee klizali\u0161te, a bit \u0107e tu i pregr\u0161t zabave i puno novih ukrasa. Na\u0161i ljudi vole Advent, vole kada se uredi grad i kada on zablista, ali ne smijemo zaboraviti ni onaj na\u0161 vjerski dio koji \u0107e biti obilje\u017een paljenjem svije\u0107a na adventskom vijencu u kojemu \u0107e glavnu ulogu ponovno imati na\u0161e \u017eupe\u201c,<\/strong>\u00a0rekao je gradona\u010delnik grada Vinkovaca, Ivan Bosan\u010di\u0107, koji je pozvao sve gra\u0111ane da iza\u0111u na trg, da se zabave, da se podru\u017ee, da iskoriste adventsko vrijeme za pripremu za Bo\u017ei\u0107 i na odre\u0111en na\u010din otvore srca za sve one koji \u0107e do\u0107i u Vinkovce.<\/p>\n<p><a href=\"https:\/\/www.adventvinkovci.com\/wp-content\/uploads\/2019\/11\/IMG_7610.jpg\"><img loading=\"lazy\" decoding=\"async\" width=\"300\" height=\"200\" class=\"alignnone size-medium wp-image-5114\" src=\"https:\/\/www.adventvinkovci.com\/wp-content\/uploads\/2019\/11\/IMG_7610-300x200.jpg\" alt=\"\" \/><\/a><\/p>\n<p>Ledeni Orion, odnosno ovaj zabavni dio Adventa u Vinkovcima, po\u010dinje u petak paljenjem lampica i koncertom dive hrvatske estrade Vanne. Vi\u0161e je rekla Marija Gerovac, direktorica medijske ku\u0107e Novosti, koja je naglasila kako je ove godine vizualno pomaknuto klizali\u0161te i adventski vijenac \u0107e biti smje\u0161ten oko spomenika Presvetog Trojstva Trojstva, no sadr\u017eaj ostaje isti.<\/p>\n<p><strong>\u201eUgostiteljska ponuda i ove je godine bogata. Iako su na\u0161i ugostitelji prvo bili malo tajanstveni, doznali smo da i ove godine pripremaju gastronomsku ponudu koja je specifi\u010dna za ovaj dio godine. Tako \u0107e se i u Vinkovcima u osam ku\u0107ica mo\u0107i prona\u0107i zaista za svakoga po ne\u0161to, \u010dak i za one najmanje. Buba bar je najavio kako \u0107e ove godine imati jedan novitet, a to je moderna verzija sarme Sarma to go. Ove godine smo pripremili i ku\u0107icu Djeda Bo\u017ei\u0107njaka gdje \u0107e se mali\u0161ani mo\u0107i uslikati s Djedom Bo\u017ei\u0107njakom i \u0161apnuti mu \u0161to \u017eele pod bor. Vjerujem kako \u0107e park i korzo zaista \u010diniti jedan pravi Ledeni Orion i bo\u017ei\u0107nu bajku koja \u0107e u na\u0161 grad donijeti za svakoga po ne\u0161to, ne samo za Vinkov\u010dane nego i za sve u okolici Vinkovaca\u201c,\u00a0<\/strong>istaknula je Marija Gerovac.<\/p>","protected":false},"excerpt":{"rendered":"<p>Jo\u0161 samo nekoliko dana ostalo je do po\u010detka Adventa u Vinkovcima koji \u0107e nam ove godine donijeti najljep\u0161u bo\u017ei\u0107nu pri\u010du do sada.\u00a0U veseloj blagdanskoj atmosferi i blagdanskoj \u010daroliji u\u017eivat \u0107e mnogi ljubitelji zabave, tradicije, ali i vjerskih sadr\u017eaja, a \u0161to nas sve \u010deka predstavljeno je danas na najavnoj medijskoj konferenciji odr\u017eanoj na mjestu doga\u0111aja \u2013 [&hellip;]<\/p>","protected":false},"author":4,"featured_media":5115,"comment_status":"open","ping_status":"open","sticky":false,"template":"","format":"standard","meta":{"_et_pb_use_builder":"","_et_pb_old_content":"","_et_gb_content_width":"","footnotes":""},"categories":[2],"tags":[],"class_list":["post-5113","post","type-post","status-publish","format-standard","has-post-thumbnail","hentry","category-novosti"],"_links":{"self":[{"href":"https:\/\/www.adventvinkovci.com\/en\/wp-json\/wp\/v2\/posts\/5113","targetHints":{"allow":["GET"]}}],"collection":[{"href":"https:\/\/www.adventvinkovci.com\/en\/wp-json\/wp\/v2\/posts"}],"about":[{"href":"https:\/\/www.adventvinkovci.com\/en\/wp-json\/wp\/v2\/types\/post"}],"author":[{"embeddable":true,"href":"https:\/\/www.adventvinkovci.com\/en\/wp-json\/wp\/v2\/users\/4"}],"replies":[{"embeddable":true,"href":"https:\/\/www.adventvinkovci.com\/en\/wp-json\/wp\/v2\/comments?post=5113"}],"version-history":[{"count":0,"href":"https:\/\/www.adventvinkovci.com\/en\/wp-json\/wp\/v2\/posts\/5113\/revisions"}],"wp:featuredmedia":[{"embeddable":true,"href":"https:\/\/www.adventvinkovci.com\/en\/wp-json\/wp\/v2\/media\/5115"}],"wp:attachment":[{"href":"https:\/\/www.adventvinkovci.com\/en\/wp-json\/wp\/v2\/media?parent=5113"}],"wp:term":[{"taxonomy":"category","embeddable":true,"href":"https:\/\/www.adventvinkovci.com\/en\/wp-json\/wp\/v2\/categories?post=5113"},{"taxonomy":"post_tag","embeddable":true,"href":"https:\/\/www.adventvinkovci.com\/en\/wp-json\/wp\/v2\/tags?post=5113"}],"curies":[{"name":"wp","href":"https:\/\/api.w.org\/{rel}","templated":true}]}}