{"id":5117,"date":"2019-11-29T12:33:21","date_gmt":"2019-11-29T11:33:21","guid":{"rendered":"https:\/\/www.adventvinkovci.com\/?p=5117"},"modified":"2019-11-29T12:33:21","modified_gmt":"2019-11-29T11:33:21","slug":"ledeni-orion-cuvat-ce-jelka-stara-40-godina","status":"publish","type":"post","link":"https:\/\/www.adventvinkovci.com\/en\/ledeni-orion-cuvat-ce-jelka-stara-40-godina\/","title":{"rendered":"Ledeni Orion \u010duvat \u0107e jelka stara 40 godina"},"content":{"rendered":"<p><strong>Prvi dan Adventa u Vinkovcima lagano se do\u0161uljao u na\u0161 grad i ve\u0107 najavio pregr\u0161t doga\u0111aja u kojima \u0107e mjesec dana u\u017eivati svi na\u0161i gra\u0111ani. Me\u0111utim, dobro znamo kako ugo\u0111aj Bo\u017ei\u0107a nije potpun ako nemamo priliku u\u017eivati u oki\u0107enom drvcu koje svake blagdane u\u010dini posebno sve\u010danim i toplim. Ni ovogodi\u0161nji Advent ne\u0107e pro\u0107i bez velike jelke postavljene na ve\u0107 dobro poznatoj lokaciji u sredi\u0161tu grada, a koju su danas ukrasili u\u010denici Osnovne \u0161kole Antuna Gustava Mato\u0161a.<\/strong><\/p>\n<p>Prekrasni ukrasi koje su izradile vrijedne ruke vinkova\u010dkih u\u010denika stigli su danas u pje\u0161a\u010dku zonu kako bi ukrasili jelku koja \u0107e i ove godine biti sredi\u0161te Ledenog Oriona. U\u010denici Osnovne \u0161kole Antuna Gustava Mato\u0161a ukrasili su jelku crveno bijelim ukrasima koji se savr\u0161eno uklapaju u ambijent na\u0161e pje\u0161a\u010dke zone, dok su u\u010denici i profesori Tehni\u010dke \u0161kole na 3D printeru otprintali crvene bombone te u\u010dinili na\u0161u jelku jo\u0161 ljep\u0161om. U\u010denicima je u ukra\u0161avanju pomogao i vinkova\u010dki gradona\u010delnik Ivan Bosan\u010di\u0107.<\/p>\n<p><strong>\u201eOvo je jedno vrijeme koje nas \u010dini boljima, veselijima i zadovoljnijima i zato mi je drago da se svi uklju\u010duju, da \u017eele sudjelovati u na\u0161em Adventu. Moram pohvaliti sve one koji su radili na organizaciji, ljudi su zadovoljni s ukra\u0161avanjem grada i svime onime \u0161to smo pripremili. Danas kre\u0107e i klizali\u0161te i Advent kao manifestacija, a sutra \u0107emo ve\u0107 zapaliti prvu svije\u0107u i od nedjelje krenuti i na onaj va\u017eniji, vjerski i tradicijski, dio Adventa. Dajmo si priliku da kroz ovo vrijeme provedemo vi\u0161e vremena sa svojom obitelji i prijateljima, da do\u0111emo do Bo\u017ei\u0107a na najbolji mogu\u0107i na\u010din kako nam i nala\u017ee na\u0161a vjera, u\u017eivamo u Adventu i da za Bo\u017ei\u0107 i Novu Godinu, kada budemo radili inventuru svega, budemo zadovoljni ovom godinom i zadamo se jo\u0161 bolje i ve\u0107e ciljeve za idu\u0107u\u201c,<\/strong> rekao je Bosan\u010di\u0107.<\/p>\n<p><a href=\"https:\/\/www.adventvinkovci.com\/wp-content\/uploads\/2019\/11\/IMG_7947.jpg\"><img loading=\"lazy\" decoding=\"async\" width=\"300\" height=\"200\" class=\"alignnone size-medium wp-image-5120\" src=\"https:\/\/www.adventvinkovci.com\/wp-content\/uploads\/2019\/11\/IMG_7947-300x200.jpg\" alt=\"\" \/><\/a> <a href=\"https:\/\/www.adventvinkovci.com\/wp-content\/uploads\/2019\/11\/IMG_7957.jpg\"><img loading=\"lazy\" decoding=\"async\" width=\"300\" height=\"200\" class=\"alignnone size-medium wp-image-5121\" src=\"https:\/\/www.adventvinkovci.com\/wp-content\/uploads\/2019\/11\/IMG_7957-300x200.jpg\" alt=\"\" \/><\/a><\/p>\n<p>Prekrasna jelka, stara 40 godina, impresivne visine i lijepo oblikovana, dar je na\u0161ih sugra\u0111ana, obitelji Krezi\u0107. Jelku su naslijedili od prija\u0161njih vlasnika ku\u0107e u kojoj danas stanuju, a mi\u0161ljenja su kako se, kao \u010duvarica Ledenoga Oriona, sasvim lijepo uklopila u ozra\u010dje ovogodi\u0161njega Adventa.<\/p>\n<p><strong>\u201eKada smo se prije 20 godina doselili u Bognerovu ulicu, na ku\u0107nom broju dva do\u010dekala nas je jelka visoka koliko i na\u0161a ku\u0107a. Otada smo zajedno rasli. Ljeti nas je \u0161titila od sunca, zimi od padalina. Zadnjih smo par godina razmi\u0161ljali o donaciji jer je postala prevelika na\u0161e dvori\u0161te, ali i za \u010ditavu ulicu\u201c,<\/strong> pojasnila nam je Vera Bla\u017eevi\u0107 Krezi\u0107.<\/p>\n<p>Budu\u0107i da su sredinom ove godine postali roditelji malene djevoj\u010dice Lade, \u010dije ime progovara o va\u017enosti i ljepoti na\u0161ih narodnih obi\u010daja, po\u017eeljeli su, isti\u010de Vera, po\u017eeljeli su radost njezina ro\u0111enja upisati u kolektivno narodno veselje kojim se pozdravlja, i i\u0161\u010dekuje, ro\u0111enje mladoga \/ maloga Boga \u2013 Bo\u017ei\u0107a, ta preva\u017ena koordinata na\u0161e &#8220;stare&#8221; i &#8220;nove&#8221; vjere, u kojoj bor nije samo obi\u010dno drvo nego je i stablo svijeta, kao \u0161to badnjak nije samo goru\u0107i panj nego je i spomendan Adama i Eve, praroditelja ljudskoga roda, \u017eivotodajne energije uop\u0107e, \u0161to na slikovit na\u010din iskazuje tradicionalni slavonski pozdrav Badnjega dana.<\/p>\n<p><strong>\u201eMada smo svjesni ozbiljnosti dru\u0161tvenoga trenutka u kojemu &#8220;\u017eivimo, mi\u010demo se i jesmo&#8221;, vjerujemo da nas prepoznavanje ba\u0161tinskih sadr\u017eaja i nov \u017eivot udahnut u bogatstvo preda\u010dkih obi\u010daja mogu samo u\u010dvrstiti u miru i zajedni\u0161tvu, onoj osebujnoj volji za boljim \u017eivotom, \u010diju tajnu nisu razdanili ni vrsni svjetski filozofi\u201c<\/strong>, istaknula je.<\/p>\n<p>Ne sumnjamo kako \u0107e ova jelka biti zaista lijep bo\u017ei\u0107ni ukras u sredi\u0161tu Vinkovaca, ali i glavni motiv fotografija koje \u0107e svijetu biti poslane iz na\u0161e male bo\u017ei\u0107ne \u010darolije.<\/p>\n<p><a href=\"https:\/\/www.adventvinkovci.com\/wp-content\/uploads\/2019\/11\/IMG_7914.jpg\"><img loading=\"lazy\" decoding=\"async\" class=\"alignnone wp-image-5119 size-medium\" src=\"https:\/\/www.adventvinkovci.com\/wp-content\/uploads\/2019\/11\/IMG_7914-300x255.jpg\" alt=\"\" width=\"300\" height=\"255\" \/><\/a><\/p>","protected":false},"excerpt":{"rendered":"<p>Prvi dan Adventa u Vinkovcima lagano se do\u0161uljao u na\u0161 grad i ve\u0107 najavio pregr\u0161t doga\u0111aja u kojima \u0107e mjesec dana u\u017eivati svi na\u0161i gra\u0111ani. Me\u0111utim, dobro znamo kako ugo\u0111aj Bo\u017ei\u0107a nije potpun ako nemamo priliku u\u017eivati u oki\u0107enom drvcu koje svake blagdane u\u010dini posebno sve\u010danim i toplim. Ni ovogodi\u0161nji Advent ne\u0107e pro\u0107i bez velike [&hellip;]<\/p>","protected":false},"author":4,"featured_media":5118,"comment_status":"open","ping_status":"open","sticky":false,"template":"","format":"standard","meta":{"_et_pb_use_builder":"","_et_pb_old_content":"","_et_gb_content_width":"","footnotes":""},"categories":[2],"tags":[],"class_list":["post-5117","post","type-post","status-publish","format-standard","has-post-thumbnail","hentry","category-novosti"],"_links":{"self":[{"href":"https:\/\/www.adventvinkovci.com\/en\/wp-json\/wp\/v2\/posts\/5117","targetHints":{"allow":["GET"]}}],"collection":[{"href":"https:\/\/www.adventvinkovci.com\/en\/wp-json\/wp\/v2\/posts"}],"about":[{"href":"https:\/\/www.adventvinkovci.com\/en\/wp-json\/wp\/v2\/types\/post"}],"author":[{"embeddable":true,"href":"https:\/\/www.adventvinkovci.com\/en\/wp-json\/wp\/v2\/users\/4"}],"replies":[{"embeddable":true,"href":"https:\/\/www.adventvinkovci.com\/en\/wp-json\/wp\/v2\/comments?post=5117"}],"version-history":[{"count":0,"href":"https:\/\/www.adventvinkovci.com\/en\/wp-json\/wp\/v2\/posts\/5117\/revisions"}],"wp:featuredmedia":[{"embeddable":true,"href":"https:\/\/www.adventvinkovci.com\/en\/wp-json\/wp\/v2\/media\/5118"}],"wp:attachment":[{"href":"https:\/\/www.adventvinkovci.com\/en\/wp-json\/wp\/v2\/media?parent=5117"}],"wp:term":[{"taxonomy":"category","embeddable":true,"href":"https:\/\/www.adventvinkovci.com\/en\/wp-json\/wp\/v2\/categories?post=5117"},{"taxonomy":"post_tag","embeddable":true,"href":"https:\/\/www.adventvinkovci.com\/en\/wp-json\/wp\/v2\/tags?post=5117"}],"curies":[{"name":"wp","href":"https:\/\/api.w.org\/{rel}","templated":true}]}}