{"id":5149,"date":"2019-11-30T21:00:22","date_gmt":"2019-11-30T20:00:22","guid":{"rendered":"https:\/\/www.adventvinkovci.com\/?p=5149"},"modified":"2019-11-30T21:00:22","modified_gmt":"2019-11-30T20:00:22","slug":"upaljena-prva-adventska-svijeca-2","status":"publish","type":"post","link":"https:\/\/www.adventvinkovci.com\/en\/upaljena-prva-adventska-svijeca-2\/","title":{"rendered":"Upaljena prva adventska svije\u0107a"},"content":{"rendered":"<p align=\"JUSTIFY\"><span lang=\"hr-HR\"><strong>Prvu adventsku svije\u0107u ove je godine upalila desetogodi\u0161nja Ana Vidakovi\u0107 iz \u017dupe sv. Vinka Pallottija.<\/strong><\/span><\/p>\n<p align=\"JUSTIFY\"><span lang=\"hr-HR\">Mje\u0161tani ove \u017eupe okupili su se ve\u010deras kako bi u procesiji od svoje crkve do sredi\u0161ta grada, odnosno do velikog adventskog vijenca, a koji je ove godine postavljen na novoj lokaciji oko spomenika Svetog Trojstva, upalili prvu adventsku svije\u0107u ili prorokovu svije\u0107u, onu koja simbolizira nadu i i\u0161\u010dekivanje.<\/span><\/p>\n<p align=\"JUSTIFY\"><span lang=\"hr-HR\"><strong>\u201cIzuzetno mi je drago \u0161to su na ovaj na\u010din povezani crkva, odnosno crkvene \u017eupe i ovo gradsko doga\u0111anje, odnosno Advent u Vinkovcima. Dobro je da je crkava iza\u0161la van, jer i cilj je da Advent ostane ono \u0161to jest, vjersko doga\u0111anje koje je obojeno i onim svjetovnim sadr\u017eajima. No, nikako ne smijemo ispustiti iz vida da je Advent zapravo priprema za Bo\u017ei\u0107\u201d, poru\u010dio je nakon paljenja prve svije\u0107e \u017eupnik \u017dupe sv. Vinka Pallottija pater Ilija Sudar.<\/strong><\/span><\/p>\n<p align=\"JUSTIFY\"><a href=\"https:\/\/www.adventvinkovci.com\/wp-content\/uploads\/2019\/12\/76784588_1459705020845870_5387421420630310912_o.jpg\"><img loading=\"lazy\" decoding=\"async\" class=\"alignnone wp-image-5151 size-medium\" src=\"https:\/\/www.adventvinkovci.com\/wp-content\/uploads\/2019\/12\/76784588_1459705020845870_5387421420630310912_o-200x300.jpg\" alt=\"\" width=\"200\" height=\"300\" \/><\/a><\/p>\n<p align=\"JUSTIFY\"><span lang=\"hr-HR\">Paljenju prve adventske svije\u0107e nazo\u010dio je i vinkova\u010dki gradona\u010delnik Ivan Bosan\u010di\u0107 koji je okupljene gra\u0111ane okarakterizirao kao jednu veliku obitelj. <strong>\u201cOvo vrijeme moramo iskoristiti da se na lijep na\u010din pripremimo za Bo\u017ei\u0107 koji moramo do\u010dekati spremni, zajedno sa svojom obitelji i prijateljima. Moramo se pripremiti i za slijede\u0107u godinu, u kojoj se svi nadamo napretku, a koji mo\u017eemo posti\u0107i samo ako se za istu dobro pripremimo i do\u010dekamo je otvorena srca. Pozivam stoga sve da izdvoje vrijeme za sebe i svoje najbli\u017ee i u\u017eivaju u Adventu<\/strong>\u201d, istaknuo je gradona\u010delnik.<\/span><\/p>\n<p align=\"JUSTIFY\"><span lang=\"hr-HR\">Podsjetimo, drugu svije\u0107u, odnosno betlehemsku adventsku svije\u0107u koja ozna\u010dava mir, tjedan dana poslije u isto vrijeme upalit \u0107e vjernici \u017dupe Presvetog Srca Isusova koji \u0107e u procesiji do sredi\u0161nje fontane sti\u0107i s Lapovaca. Zajedni\u010dkim snagama \u017dupa bl. Alojzija Stepinca i \u017dupa sv. \u0106irila i Metoda, 14. prosinca upalit \u0107e i tre\u0107u adventsku svije\u0107u, poznatu i kao pastirsku svije\u0107u, a slavi radost i veselje. Posljednju adventsku svije\u0107u, svije\u0107u an\u0111ela koja donosi ljubav, upalit \u0107e vjernici \u017dupe Bezgre\u0161nog Srca Marijina i \u017dupe sv. Euzebija i Poliona.<\/span><\/p>\n<p align=\"JUSTIFY\"><a href=\"https:\/\/www.adventvinkovci.com\/wp-content\/uploads\/2019\/12\/78164043_1459703434179362_2133742552971476992_o.jpg\"><img loading=\"lazy\" decoding=\"async\" width=\"300\" height=\"200\" class=\"alignnone size-medium wp-image-5152\" src=\"https:\/\/www.adventvinkovci.com\/wp-content\/uploads\/2019\/12\/78164043_1459703434179362_2133742552971476992_o-300x200.jpg\" alt=\"\" \/><\/a><\/p>","protected":false},"excerpt":{"rendered":"<p>Prvu adventsku svije\u0107u ove je godine upalila desetogodi\u0161nja Ana Vidakovi\u0107 iz \u017dupe sv. Vinka Pallottija. Mje\u0161tani ove \u017eupe okupili su se ve\u010deras kako bi u procesiji od svoje crkve do sredi\u0161ta grada, odnosno do velikog adventskog vijenca, a koji je ove godine postavljen na novoj lokaciji oko spomenika Svetog Trojstva, upalili prvu adventsku svije\u0107u ili [&hellip;]<\/p>","protected":false},"author":4,"featured_media":5150,"comment_status":"open","ping_status":"open","sticky":false,"template":"","format":"standard","meta":{"_et_pb_use_builder":"","_et_pb_old_content":"","_et_gb_content_width":"","footnotes":""},"categories":[2],"tags":[],"class_list":["post-5149","post","type-post","status-publish","format-standard","has-post-thumbnail","hentry","category-novosti"],"_links":{"self":[{"href":"https:\/\/www.adventvinkovci.com\/en\/wp-json\/wp\/v2\/posts\/5149","targetHints":{"allow":["GET"]}}],"collection":[{"href":"https:\/\/www.adventvinkovci.com\/en\/wp-json\/wp\/v2\/posts"}],"about":[{"href":"https:\/\/www.adventvinkovci.com\/en\/wp-json\/wp\/v2\/types\/post"}],"author":[{"embeddable":true,"href":"https:\/\/www.adventvinkovci.com\/en\/wp-json\/wp\/v2\/users\/4"}],"replies":[{"embeddable":true,"href":"https:\/\/www.adventvinkovci.com\/en\/wp-json\/wp\/v2\/comments?post=5149"}],"version-history":[{"count":0,"href":"https:\/\/www.adventvinkovci.com\/en\/wp-json\/wp\/v2\/posts\/5149\/revisions"}],"wp:featuredmedia":[{"embeddable":true,"href":"https:\/\/www.adventvinkovci.com\/en\/wp-json\/wp\/v2\/media\/5150"}],"wp:attachment":[{"href":"https:\/\/www.adventvinkovci.com\/en\/wp-json\/wp\/v2\/media?parent=5149"}],"wp:term":[{"taxonomy":"category","embeddable":true,"href":"https:\/\/www.adventvinkovci.com\/en\/wp-json\/wp\/v2\/categories?post=5149"},{"taxonomy":"post_tag","embeddable":true,"href":"https:\/\/www.adventvinkovci.com\/en\/wp-json\/wp\/v2\/tags?post=5149"}],"curies":[{"name":"wp","href":"https:\/\/api.w.org\/{rel}","templated":true}]}}