{"id":5179,"date":"2019-12-07T22:26:39","date_gmt":"2019-12-07T21:26:39","guid":{"rendered":"https:\/\/www.adventvinkovci.com\/?p=5179"},"modified":"2019-12-07T22:26:39","modified_gmt":"2019-12-07T21:26:39","slug":"svijecu-mira-upalili-zupljani-zupe-presvetog-srca-isusova","status":"publish","type":"post","link":"https:\/\/www.adventvinkovci.com\/en\/svijecu-mira-upalili-zupljani-zupe-presvetog-srca-isusova\/","title":{"rendered":"Svije\u0107u mira upalili \u017eupljani \u017dupe Presvetog Srca Isusova"},"content":{"rendered":"<p><strong>Na velikom adventskom vijencu postavljenom oko spomenika Presvetom Trojstvu u sredi\u0161njem gradskom parku upaljena je druga adventska svije\u0107a. Svije\u0107u koja ozna\u010dava mir upalili su \u017eupljani \u017dupe Presvetog Srca Isusova.<\/strong><\/p>\n<p>U procesiji od \u017dupe Presvetog Srca Isusova na Lapovcima do adventskog vijenca u gradskom parku stiglo je danas ne\u0161to manje od 120 vjernika kako bi upalilo drugu po redu adventsku svije\u0107u. Ona se naziva jo\u0161 i pomirilica ili betlehemska svije\u0107a jer ozna\u010dava mir, odnosno podsje\u0107a na grad u kojemu se rodio Mesija.<\/p>\n<p><a href=\"https:\/\/www.adventvinkovci.com\/wp-content\/uploads\/2019\/12\/IMG_9670.jpg\"><img loading=\"lazy\" decoding=\"async\" class=\"alignnone  wp-image-5180\" src=\"https:\/\/www.adventvinkovci.com\/wp-content\/uploads\/2019\/12\/IMG_9670-300x200.jpg\" alt=\"\" width=\"365\" height=\"243\" \/><\/a> <a href=\"https:\/\/www.adventvinkovci.com\/wp-content\/uploads\/2019\/12\/IMG_9691.jpg\"><img loading=\"lazy\" decoding=\"async\" class=\"alignnone  wp-image-5181\" src=\"https:\/\/www.adventvinkovci.com\/wp-content\/uploads\/2019\/12\/IMG_9691-200x300.jpg\" alt=\"\" width=\"175\" height=\"263\" \/><\/a><\/p>\n<p><strong>\u201eIzuzetna nam je radost i \u010dast \u0161to mo\u017eemo sudjelovati na ovom doga\u0111aju, a lijepa je ovo prilika da se ljudi me\u0111usobno zbli\u017ee te poka\u017eu radost koje Do\u0161a\u0161\u0107e nosi. Nije Advent samo sje\u0107anje na Isusov ro\u0111endan, nego nas poziva da pripravimo srce kako bi se Isus i danas rodio u na\u0161im srcima\u201c,<\/strong>\u00a0rekao je Ladislav Dort, \u017eupnik \u017dupe Presvetog Srca Isusova.<\/p>\n<p>Ugodna ve\u010der na Ledenom Orionu nastavljena je i nakon paljenja svije\u0107e kada Vinkov\u010dane zabavlja osje\u010dka grupa NoJazz Band. Uz poznate hitove doma\u0107e i strane glazbe, gra\u0111ani u\u017eivaju u bogatoj ponudi na\u0161ih ugostitelja, u toplim napitcima i ukusnoj hrani te ve\u0107 dobro poznatu gu\u017evu na klizali\u0161tu.<\/p>\n<p align=\"JUSTIFY\"><span lang=\"hr-HR\">Za tjedan dana, u isto vrijeme, \u017dupa bl. Alojzija Stepinca i \u017dupa sv. \u0106irila i Metoda, 14. prosinca upalit \u0107e i tre\u0107u adventsku svije\u0107u, poznatu i kao pastirsku svije\u0107u koja slavi radost i veselje, a posljednju adventsku svije\u0107u, svije\u0107u an\u0111ela koja donosi ljubav, upalit \u0107e vjernici \u017dupe Bezgre\u0161nog Srca Marijina i \u017dupe sv. Euzebija i Poliona.<\/span><\/p>\n<p align=\"JUSTIFY\"><a href=\"https:\/\/www.adventvinkovci.com\/wp-content\/uploads\/2019\/12\/IMG_9680.jpg\"><img loading=\"lazy\" decoding=\"async\" width=\"300\" height=\"238\" class=\"alignnone size-medium wp-image-5182\" src=\"https:\/\/www.adventvinkovci.com\/wp-content\/uploads\/2019\/12\/IMG_9680-300x238.jpg\" alt=\"\" \/><\/a> <a href=\"https:\/\/www.adventvinkovci.com\/wp-content\/uploads\/2019\/12\/IMG_9686.jpg\"><img loading=\"lazy\" decoding=\"async\" width=\"300\" height=\"200\" class=\"alignnone size-medium wp-image-5183\" src=\"https:\/\/www.adventvinkovci.com\/wp-content\/uploads\/2019\/12\/IMG_9686-300x200.jpg\" alt=\"\" \/><\/a><\/p>\n<p align=\"JUSTIFY\"><a href=\"https:\/\/www.adventvinkovci.com\/wp-content\/uploads\/2019\/12\/IMG_9673.jpg\"><img loading=\"lazy\" decoding=\"async\" width=\"200\" height=\"300\" class=\"alignnone size-medium wp-image-5184\" src=\"https:\/\/www.adventvinkovci.com\/wp-content\/uploads\/2019\/12\/IMG_9673-200x300.jpg\" alt=\"\" \/><\/a><\/p>\n<p align=\"JUSTIFY\"><a href=\"https:\/\/www.adventvinkovci.com\/wp-content\/uploads\/2019\/12\/IMG_9722.jpg\"><img loading=\"lazy\" decoding=\"async\" width=\"300\" height=\"200\" class=\"alignnone size-medium wp-image-5185\" src=\"https:\/\/www.adventvinkovci.com\/wp-content\/uploads\/2019\/12\/IMG_9722-300x200.jpg\" alt=\"\" \/><\/a><\/p>","protected":false},"excerpt":{"rendered":"<p>Na velikom adventskom vijencu postavljenom oko spomenika Presvetom Trojstvu u sredi\u0161njem gradskom parku upaljena je druga adventska svije\u0107a. Svije\u0107u koja ozna\u010dava mir upalili su \u017eupljani \u017dupe Presvetog Srca Isusova. U procesiji od \u017dupe Presvetog Srca Isusova na Lapovcima do adventskog vijenca u gradskom parku stiglo je danas ne\u0161to manje od 120 vjernika kako bi upalilo [&hellip;]<\/p>","protected":false},"author":4,"featured_media":5186,"comment_status":"open","ping_status":"open","sticky":false,"template":"","format":"standard","meta":{"_et_pb_use_builder":"","_et_pb_old_content":"","_et_gb_content_width":"","footnotes":""},"categories":[2],"tags":[],"class_list":["post-5179","post","type-post","status-publish","format-standard","has-post-thumbnail","hentry","category-novosti"],"_links":{"self":[{"href":"https:\/\/www.adventvinkovci.com\/en\/wp-json\/wp\/v2\/posts\/5179","targetHints":{"allow":["GET"]}}],"collection":[{"href":"https:\/\/www.adventvinkovci.com\/en\/wp-json\/wp\/v2\/posts"}],"about":[{"href":"https:\/\/www.adventvinkovci.com\/en\/wp-json\/wp\/v2\/types\/post"}],"author":[{"embeddable":true,"href":"https:\/\/www.adventvinkovci.com\/en\/wp-json\/wp\/v2\/users\/4"}],"replies":[{"embeddable":true,"href":"https:\/\/www.adventvinkovci.com\/en\/wp-json\/wp\/v2\/comments?post=5179"}],"version-history":[{"count":0,"href":"https:\/\/www.adventvinkovci.com\/en\/wp-json\/wp\/v2\/posts\/5179\/revisions"}],"wp:featuredmedia":[{"embeddable":true,"href":"https:\/\/www.adventvinkovci.com\/en\/wp-json\/wp\/v2\/media\/5186"}],"wp:attachment":[{"href":"https:\/\/www.adventvinkovci.com\/en\/wp-json\/wp\/v2\/media?parent=5179"}],"wp:term":[{"taxonomy":"category","embeddable":true,"href":"https:\/\/www.adventvinkovci.com\/en\/wp-json\/wp\/v2\/categories?post=5179"},{"taxonomy":"post_tag","embeddable":true,"href":"https:\/\/www.adventvinkovci.com\/en\/wp-json\/wp\/v2\/tags?post=5179"}],"curies":[{"name":"wp","href":"https:\/\/api.w.org\/{rel}","templated":true}]}}