{"id":5208,"date":"2019-12-25T02:00:15","date_gmt":"2019-12-25T01:00:15","guid":{"rendered":"https:\/\/www.adventvinkovci.com\/?p=5208"},"modified":"2019-12-25T02:00:15","modified_gmt":"2019-12-25T01:00:15","slug":"bog-postaje-covjekom-kako-bi-nam-se-sam-objavio","status":"publish","type":"post","link":"https:\/\/www.adventvinkovci.com\/en\/bog-postaje-covjekom-kako-bi-nam-se-sam-objavio\/","title":{"rendered":"\u201cBog postaje \u010dovjekom kako bi nam se sam objavio\u201d"},"content":{"rendered":"<p><strong>U sredi\u0161njoj vinkova\u010dkoj crkvi Sv. Euzebija i Poliona no\u0107as je, s po\u010detkom u 12 sati, odr\u017eana centralna bo\u017ei\u0107na misa polno\u0107ka kojom su vjernici katoli\u010dke vjeroispovijesti do\u010dekali svoj veliki blagdan Bo\u017ei\u0107.<\/strong><\/p>\n<p>Crkva je bila ispunjena do posljednjeg mjesta, a misno slavlje predvodio je i propovijedao novi \u017eupni vikar Patrik Kri\u017eanac. Misi je prethodilo sve\u010dano uno\u0161enje svije\u0107e koju su tradicionalno u crkvu unijeli \u010dlanovi Vinkova\u010dkih \u0161oka\u010dkih rodova u narodnim no\u0161njama.<\/p>\n<p><a href=\"https:\/\/www.adventvinkovci.com\/wp-content\/uploads\/2019\/12\/IMG_20191224_234134.jpg\"><img loading=\"lazy\" decoding=\"async\" width=\"300\" height=\"165\" class=\"alignnone size-medium wp-image-5209\" src=\"https:\/\/www.adventvinkovci.com\/wp-content\/uploads\/2019\/12\/IMG_20191224_234134-300x165.jpg\" alt=\"\" \/><\/a> <a href=\"https:\/\/www.adventvinkovci.com\/wp-content\/uploads\/2019\/12\/IMG_20191224_234532.jpg\"><img loading=\"lazy\" decoding=\"async\" width=\"300\" height=\"225\" class=\"alignnone size-medium wp-image-5210\" src=\"https:\/\/www.adventvinkovci.com\/wp-content\/uploads\/2019\/12\/IMG_20191224_234532-300x225.jpg\" alt=\"\" \/><\/a><\/p>\n<p><strong>\u201ePoruka svete no\u0107i je da se nemamo \u010dega bojati. To je bila poruka koju su an\u0111eli donijeli pastirima i preko njih svima nama. Snaga te poruke \u0107e danas i uvijek odjekivati u onima koji istinski slave ro\u0111enje Isusa Krista, a istinski slavitelji su oni koji \u0107e se prije svega prikloniti Isusu Kristu, ba\u0161 onako kako su to \u010dinili Djevica Marija i Sveti Josip. Bo\u017ei\u0107 je ljubav. Ljubav prema nama koja se o\u010dituje u susretu Boga i njegova stvorenja \u2013 mene \u010dovjeka. Bog nam je u Isusu Kristu, govore\u0107i na\u0161im jezikom, otvorio svoju du\u0161u i srce, potpuno se razotkrio i si\u0161ao s neba da nam se poka\u017ee kao jedan od nas i daruje nam smisao cijele povijesti\u201c<\/strong>, rekao je u propovijedi vl\u010d. Kri\u017eanac, isti\u010du\u0107i kako bismo se trebali duhovno i svjetovno vi\u0161e pribli\u017eiti svim onim dobrim i skromnim stvarima koje nam vjera nala\u017ee.<\/p>\n<p><a href=\"https:\/\/www.adventvinkovci.com\/wp-content\/uploads\/2019\/12\/IMG_20191225_000029.jpg\"><img loading=\"lazy\" decoding=\"async\" width=\"300\" height=\"225\" class=\"alignnone size-medium wp-image-5211\" src=\"https:\/\/www.adventvinkovci.com\/wp-content\/uploads\/2019\/12\/IMG_20191225_000029-300x225.jpg\" alt=\"\" \/><\/a><\/p>\n<p>Ne postoji netko, naglasio je, tko ne bi mogao biti o\u010di\u0161\u0107en od grijeha i obasjan Bogom, svjetlom Isusa Krista.\u00a0<strong>\u201eKoliko god da je zatamnjen grijehom, Isus Krist ga, ako on to \u017eeli, \u010disti i spa\u0161ava. I to je Bo\u017ei\u0107. Htjeti primiti Isusa da nam On bude utjeha za \u017eivot kako bi o\u010ditovali sliku da smo bo\u017eja djeca, oslobo\u0111eni svega onoga \u0161to je nedostojno bo\u017ejeg djeteta. Neka nas ove godine sje\u0107anje na Kristovo ro\u0111enje jo\u0161 vi\u0161e pribli\u017ei bo\u017ejim ustima kako bi osjetili Njegovo svjetlo mira, nade, ljubavi i radost te slavili pravi kr\u0161\u0107anski katoli\u010dki Bo\u017ei\u0107\u201c.<\/strong><\/p>\n<p>Euharistijsko slavlje, kojemu je uz brojne sugra\u0111ane nazo\u010dio i gradona\u010delnik Vinkovaca Ivan Bosan\u010di\u0107, pjevanjem je uveli\u010dao doma\u0107i Mje\u0161oviti pjeva\u010dki zbor \u201dSv. Cecilija\u201c uz orguljsku pratnju voditeljice Zbora Dubravke Vukovarac.<\/p>\n<p><a href=\"https:\/\/www.adventvinkovci.com\/wp-content\/uploads\/2019\/12\/IMG_20191224_235022_1.jpg\"><img loading=\"lazy\" decoding=\"async\" width=\"300\" height=\"225\" class=\"alignnone size-medium wp-image-5212\" src=\"https:\/\/www.adventvinkovci.com\/wp-content\/uploads\/2019\/12\/IMG_20191224_235022_1-300x225.jpg\" alt=\"\" \/><\/a><\/p>","protected":false},"excerpt":{"rendered":"<p>U sredi\u0161njoj vinkova\u010dkoj crkvi Sv. Euzebija i Poliona no\u0107as je, s po\u010detkom u 12 sati, odr\u017eana centralna bo\u017ei\u0107na misa polno\u0107ka kojom su vjernici katoli\u010dke vjeroispovijesti do\u010dekali svoj veliki blagdan Bo\u017ei\u0107. Crkva je bila ispunjena do posljednjeg mjesta, a misno slavlje predvodio je i propovijedao novi \u017eupni vikar Patrik Kri\u017eanac. Misi je prethodilo sve\u010dano uno\u0161enje svije\u0107e [&hellip;]<\/p>","protected":false},"author":4,"featured_media":5213,"comment_status":"open","ping_status":"open","sticky":false,"template":"","format":"standard","meta":{"_et_pb_use_builder":"","_et_pb_old_content":"","_et_gb_content_width":"","footnotes":""},"categories":[2],"tags":[],"class_list":["post-5208","post","type-post","status-publish","format-standard","has-post-thumbnail","hentry","category-novosti"],"_links":{"self":[{"href":"https:\/\/www.adventvinkovci.com\/en\/wp-json\/wp\/v2\/posts\/5208","targetHints":{"allow":["GET"]}}],"collection":[{"href":"https:\/\/www.adventvinkovci.com\/en\/wp-json\/wp\/v2\/posts"}],"about":[{"href":"https:\/\/www.adventvinkovci.com\/en\/wp-json\/wp\/v2\/types\/post"}],"author":[{"embeddable":true,"href":"https:\/\/www.adventvinkovci.com\/en\/wp-json\/wp\/v2\/users\/4"}],"replies":[{"embeddable":true,"href":"https:\/\/www.adventvinkovci.com\/en\/wp-json\/wp\/v2\/comments?post=5208"}],"version-history":[{"count":0,"href":"https:\/\/www.adventvinkovci.com\/en\/wp-json\/wp\/v2\/posts\/5208\/revisions"}],"wp:featuredmedia":[{"embeddable":true,"href":"https:\/\/www.adventvinkovci.com\/en\/wp-json\/wp\/v2\/media\/5213"}],"wp:attachment":[{"href":"https:\/\/www.adventvinkovci.com\/en\/wp-json\/wp\/v2\/media?parent=5208"}],"wp:term":[{"taxonomy":"category","embeddable":true,"href":"https:\/\/www.adventvinkovci.com\/en\/wp-json\/wp\/v2\/categories?post=5208"},{"taxonomy":"post_tag","embeddable":true,"href":"https:\/\/www.adventvinkovci.com\/en\/wp-json\/wp\/v2\/tags?post=5208"}],"curies":[{"name":"wp","href":"https:\/\/api.w.org\/{rel}","templated":true}]}}