{"id":5695,"date":"2021-11-22T15:40:00","date_gmt":"2021-11-22T14:40:00","guid":{"rendered":"https:\/\/www.adventvinkovci.com\/?p=5695"},"modified":"2021-11-22T15:40:00","modified_gmt":"2021-11-22T14:40:00","slug":"vinkovci-od-subote-u-bozicnom-raspolozenju-sve-pocinje-paljenjem-prve-adventske-svijece-i-kucicom-bake-eve","status":"publish","type":"post","link":"https:\/\/www.adventvinkovci.com\/en\/vinkovci-od-subote-u-bozicnom-raspolozenju-sve-pocinje-paljenjem-prve-adventske-svijece-i-kucicom-bake-eve\/","title":{"rendered":"Vinkovci od subote u bo\u017ei\u0107nom raspolo\u017eenju: Sve po\u010dinje paljenjem prve adventske svije\u0107e i Ku\u0107icom bake Eve"},"content":{"rendered":"<p style=\"margin-top:0px\"><strong>Jo\u0161 samo nekoliko dana ostalo je do po\u010detka ovogodi\u0161njeg Adventa u Vinkovcima. Epidemiolo\u0161ka situacija ne jenjava, no organizatori su optimisti\u010dni i najavljuju bogat program uz kojega \u0107emo ponovno o\u017eivjeti bo\u017ei\u0107ni duh u na\u0161emu gradu.<\/strong><\/p>\n\n\n\n<p style=\"margin-top:0px\">Po\u010detak Adventa ozna\u010dit \u0107e svjetlost prve adventske svije\u0107e koju \u0107e \u017eupljani \u017eupa sv. \u0106irila i Metoda i bl. Alojzija Stepinca upaliti u subotu na velikom vijencu oko kipa Svetog Trojstva. Uvod je to, kako su danas najavili organizatori, u raznolik program koji \u0107e nas podsjetiti kako Vinkovci do\u010dekuju i slave Bo\u017ei\u0107. Ove godine organiziran je na dvije lokacije. Vjerski dio sadr\u017eaja bit \u0107e u pje\u0161a\u010dkoj zoni i u gradskom parku, a zabavni dio na Trgu Vinkova\u010dkih jeseni kako bi se u potpunosti ispo\u0161tovale sve epidemiolo\u0161ke mjere.<\/p>\n\n\n\n<p style=\"margin-top:0px\">Subote su ve\u0107 tradicionalno rezervirane za paljenje adventskih svije\u0107a i koncerte. Drugu svije\u0107u 4. prosinca upalit \u0107e vjernici iz \u017eupa sv. Euzebija i Poliona i Bezgre\u0161nog srca Marijina, tre\u0107u tjedan dana poslije pale vjernici iz \u017dupe Srca Isusovog i iz \u017dupe sv. Nikole Biskupa, dok je ona posljednja rezervirana za \u017dupu sv. Vinka Pallottija. Nakon \u0161to svije\u0107e budu upaljene gra\u0111ani \u0107e mo\u0107i u\u017eivati u notama vjerskih koncerata. Ve\u0107 ovu subotu pod kupolu u centru grada u 20:30 dolazi Alan Hr\u017eica, tjedan dana poslije u isto vrijeme Vinkov\u010dane \u0107e zabavljati grupa Emanuel, a u nedjelju 5. prosinca u Gradskom kazali\u0161tu Joza Ivaki\u0107 koncert \u0107e odr\u017eati Marija Vidovi\u0107 i komorni orkestar. U subotu 11. prosinca u gradskom parku nastupit \u0107e MPD Lipa i Lira Vinkovci, dok \u0107e u subotu za sedam dana poslije ugo\u0111aj upotpuniti \u017eupni zborovi.<\/p>\n\n\n\n<p style=\"margin-top:0px\"><em><strong>\u201eDolazi ono vrijeme u godini koje, vjerujem, svi \u017eeljno i\u0161\u010dekujemo. Advent je jedno prekrasno vrijeme u kojemu ne samo da koristimo biti u svojim domovima i sa svojim bli\u017enjima, nego ga volimo provoditi i na javnim prostorima. Vjerujem da \u0107e puno na\u0161ih Vinkov\u010dana sudjelovati na ovogodi\u0161njem Adventu, da \u0107emo u\u017eivati u jednom zajedni\u0161tvu i stvarati adventski duh kako to znamo najbolje. Pozivam sve da budu dio vinkova\u010dkog Adventa\u201d<\/strong><\/em>, poru\u010dio je gradona\u010delnik Ivan Bosan\u010di\u0107. <\/p>\n\n\n\n<figure class=\"wp-block-image size-large\"><a href=\"https:\/\/www.adventvinkovci.com\/wp-content\/uploads\/2021\/11\/20211122_130257.jpg\"><img loading=\"lazy\" decoding=\"async\" width=\"905\" height=\"1024\" src=\"https:\/\/www.adventvinkovci.com\/wp-content\/uploads\/2021\/11\/20211122_130257-905x1024.jpg\" alt=\"\" class=\"wp-image-5696\" srcset=\"https:\/\/www.adventvinkovci.com\/wp-content\/uploads\/2021\/11\/20211122_130257-905x1024.jpg 905w, https:\/\/www.adventvinkovci.com\/wp-content\/uploads\/2021\/11\/20211122_130257-480x543.jpg 480w\" sizes=\"(min-width: 0px) and (max-width: 480px) 480px, (min-width: 481px) 905px, 100vw\" \/><\/a><\/figure>\n\n\n\n<p>Marija Gerovac, direktorica medijske ku\u0107e Novosti, istaknula je kako \u0107e Ledeni Orion zamijeniti Bajka na Bosutu pa se klizali\u0161te, ku\u0107ica Djeda Bo\u017ei\u0107njaka, Bo\u017ei\u0107ni sajam i zabavni program sele na Trg Franje Tu\u0111mana. Kru\u017eno klizali\u0161te svoja vrata otvara 11. prosinca, a istoga dana kliza\u010de \u0107e na ledu pratiti ritam koncerta Electric Corna. Bajku na Bosutu upotpunit \u0107e i tradicionalni Bo\u017ei\u0107ni sajam od 16. do 24. prosinca od 17 do 21 sat te ku\u0107ica Djeda Bo\u017ei\u0107njaka u sredini klizali\u0161ta \u010diji je sandu\u010di\u0107 za va\u0161 \u017eelje otvoren od 0-24.<\/p>\n\n\n\n<p><em><strong>\u201eIako smo s pripremama za Advent po\u010deli dosta rano, odmah poslije Vinkova\u010dkih jeseni, do zadnjeg trenutka je sve bilo neizvjesno zbog epidemiolo\u0161ke situacije. U bo\u017ei\u0107nom ruhu \u0107emo biti 44 dana i nadamo se da nam ni\u0161ta ne\u0107e pokvariti bo\u017ei\u0107ni ugo\u0111aj\u201d<\/strong><\/em>, kazala je Gerovac.<\/p>\n\n\n\n<p>Pro\u010delnica Upravnog odjela za kulturu i turizam Marija Li\u0161\u010di\u0107 Drmi\u0107 kazala je kako nas ove zime o\u010dekuje i nekoliko noviteta. Udruga udomitelja Cibalae svake subote do Bo\u017ei\u0107a u 17:30 donosi nam Ku\u0107icu bake Eve u kojoj \u0107e prikazivati na\u0161u tradiciju, dok \u0107e udruga Emanuel svake subote dijeliti kuhano vino, \u010daj i lepinje.<\/p>\n\n\n\n<p>Sveti Nikola 6. prosinca \u0107e svoje darove mali\u0161anima dijeliti u Gradskoj knji\u017enici i \u010ditaonici Vinkovci, a njima je namijenjena i Potraga za blagom 10. prosinca u gradskom parku u organizaciji Sportske udruge gra\u0111ana FTC. Oni malo stariji priredit \u0107e jo\u0161 jedan nezaboravan koncert na Gimnaziji u nedjelju 12. prosinca, Moto klub Vinkovci upregnut \u0107e svoje Moto mrazove koji \u0107e 17. prodefilirati ulicama grada, a nezavisni sindikat DZZP Vinkovci u pje\u0161a\u010dkoj zoni \u0107e na Badnjak organizirati jo\u0161 jednu podjelu posnog obroka.<\/p>\n\n\n\n<p>Spomenimo jo\u0161 kako \u0107e za Bo\u017ei\u0107 na\u0161e gra\u0111ane zabavljati Igor Dela\u010d, u kupoli pored klizali\u0161ta, dan poslije to \u0107e mjesto zauzeti Orion Full Band, a posljednji dan Adventa, 8. sije\u010dnja, koncert \u0107e odr\u017eati Meri Andrakovi\u0107 i Babylon. Do\u010dek nove godine ve\u0107 tradicionalno je organiziran u pje\u0161a\u010dkoj zoni, a u prve minute 2022. u\u0107i \u0107emo s pjesmama Aurelius Banda.<\/p>\n\n\n\n<figure class=\"wp-block-image size-large\"><a href=\"https:\/\/www.adventvinkovci.com\/wp-content\/uploads\/2021\/11\/258753115_1109752629829160_4191047690135375085_n.jpg\"><img loading=\"lazy\" decoding=\"async\" width=\"724\" height=\"1024\" src=\"https:\/\/www.adventvinkovci.com\/wp-content\/uploads\/2021\/11\/258753115_1109752629829160_4191047690135375085_n-724x1024.jpg\" alt=\"\" class=\"wp-image-5697\"\/><\/a><\/figure>","protected":false},"excerpt":{"rendered":"<p>Jo\u0161 samo nekoliko dana ostalo je do po\u010detka ovogodi\u0161njeg Adventa u Vinkovcima. Epidemiolo\u0161ka situacija ne jenjava, no organizatori su optimisti\u010dni i najavljuju bogat program uz kojega \u0107emo ponovno o\u017eivjeti bo\u017ei\u0107ni duh u na\u0161emu gradu. Po\u010detak Adventa ozna\u010dit \u0107e svjetlost prve adventske svije\u0107e koju \u0107e \u017eupljani \u017eupa sv. \u0106irila i Metoda i bl. Alojzija Stepinca upaliti [&hellip;]<\/p>","protected":false},"author":4,"featured_media":5698,"comment_status":"open","ping_status":"open","sticky":false,"template":"","format":"standard","meta":{"_et_pb_use_builder":"","_et_pb_old_content":"","_et_gb_content_width":"","footnotes":""},"categories":[2],"tags":[],"class_list":["post-5695","post","type-post","status-publish","format-standard","has-post-thumbnail","hentry","category-novosti"],"_links":{"self":[{"href":"https:\/\/www.adventvinkovci.com\/en\/wp-json\/wp\/v2\/posts\/5695","targetHints":{"allow":["GET"]}}],"collection":[{"href":"https:\/\/www.adventvinkovci.com\/en\/wp-json\/wp\/v2\/posts"}],"about":[{"href":"https:\/\/www.adventvinkovci.com\/en\/wp-json\/wp\/v2\/types\/post"}],"author":[{"embeddable":true,"href":"https:\/\/www.adventvinkovci.com\/en\/wp-json\/wp\/v2\/users\/4"}],"replies":[{"embeddable":true,"href":"https:\/\/www.adventvinkovci.com\/en\/wp-json\/wp\/v2\/comments?post=5695"}],"version-history":[{"count":0,"href":"https:\/\/www.adventvinkovci.com\/en\/wp-json\/wp\/v2\/posts\/5695\/revisions"}],"wp:featuredmedia":[{"embeddable":true,"href":"https:\/\/www.adventvinkovci.com\/en\/wp-json\/wp\/v2\/media\/5698"}],"wp:attachment":[{"href":"https:\/\/www.adventvinkovci.com\/en\/wp-json\/wp\/v2\/media?parent=5695"}],"wp:term":[{"taxonomy":"category","embeddable":true,"href":"https:\/\/www.adventvinkovci.com\/en\/wp-json\/wp\/v2\/categories?post=5695"},{"taxonomy":"post_tag","embeddable":true,"href":"https:\/\/www.adventvinkovci.com\/en\/wp-json\/wp\/v2\/tags?post=5695"}],"curies":[{"name":"wp","href":"https:\/\/api.w.org\/{rel}","templated":true}]}}