{"id":5700,"date":"2021-11-24T16:26:06","date_gmt":"2021-11-24T15:26:06","guid":{"rendered":"https:\/\/www.adventvinkovci.com\/?p=5700"},"modified":"2021-11-24T16:26:06","modified_gmt":"2021-11-24T15:26:06","slug":"vinkovacki-ucenici-ukrasili-bozicnu-jelku-nadamo-se-da-ce-se-gradanima-svidjeti-sve-sto-smo-napravili","status":"publish","type":"post","link":"https:\/\/www.adventvinkovci.com\/en\/vinkovacki-ucenici-ukrasili-bozicnu-jelku-nadamo-se-da-ce-se-gradanima-svidjeti-sve-sto-smo-napravili\/","title":{"rendered":"Vinkova\u010dki u\u010denici ukrasili bo\u017ei\u0107nu jelku: Nadamo se da \u0107e se gra\u0111anima svidjeti sve \u0161to smo napravili"},"content":{"rendered":"<p><strong><em>\u201ePravili smo an\u0111ele, sr\u010deka i zvon\u010di\u0107e i sve smo to radili s velikim u\u017eitkom, jako nam je bilo zabavno\u201d<\/em>,&nbsp;<\/strong>rekla nam je Maja Na\u0111ur\u0111, u\u010denica 8.c razreda koja je sa svojim kolegama iz Osnovne \u0161kole Bartola Ka\u0161i\u0107a danas prigodno okitila veliku bo\u017ei\u0107nu jelku u sredi\u0161tu Vinkovaca.<\/p>\n\n\n\n<p>Blagdanski duh ove godine u na\u0161em \u0107e gradu biti u motivima an\u0111ela i upravo time su se vodili u\u010denici \u0161estih i osmih razreda Osnovne \u0161kole Bartola Ka\u0161i\u0107a kada su dobili zadatak ukrasiti bo\u017ei\u0107nu jelku, ve\u0107 staru \u201eza\u0161titnicu\u201d svakog Adventa. Napravili su tako jedan korak bli\u017ee onim najljep\u0161im i naji\u0161\u010dekivanijim danima u godini, a dana\u0161nja radost i veselje u pje\u0161a\u010dkoj zoni pokazatelj su kako su djeca ovom projektu pristupila s velikim gu\u0161tom.<\/p>\n\n\n\n<figure class=\"wp-block-image size-large\"><a href=\"https:\/\/www.adventvinkovci.com\/wp-content\/uploads\/2021\/11\/IMG_9885.jpg\"><img loading=\"lazy\" decoding=\"async\" width=\"1024\" height=\"683\" src=\"https:\/\/www.adventvinkovci.com\/wp-content\/uploads\/2021\/11\/IMG_9885-1024x683.jpg\" alt=\"\" class=\"wp-image-5701\" srcset=\"https:\/\/www.adventvinkovci.com\/wp-content\/uploads\/2021\/11\/IMG_9885-980x653.jpg 980w, https:\/\/www.adventvinkovci.com\/wp-content\/uploads\/2021\/11\/IMG_9885-480x320.jpg 480w\" sizes=\"(min-width: 0px) and (max-width: 480px) 480px, (min-width: 481px) and (max-width: 980px) 980px, (min-width: 981px) 1024px, 100vw\" \/><\/a><\/figure>\n\n\n\n<p><em><strong>\u201eNa po\u010detku smo Adventa, ali na kraju posla koji smo obavljali u zadnje vrijeme na ure\u0111enju grada. Hvala djeci koja su sudjelovala u dana\u0161njem ki\u0107enju jelke i nadam se da \u0107emo narednih tjedana zajedno u\u017eivati u Adventu i svemu onome \u0161to smo pripremili, da \u0107emo do Bo\u017ei\u0107a izgraditi jedan pravi bo\u017ei\u0107ni duh i uz dru\u017eenje s najmilijima u\u017eivati u ovom vremenu\u201d<\/strong><\/em>, u ukra\u0161avanju jelke pomogao je i vinkova\u010dki gradona\u010delnik Ivan Bosan\u010di\u0107.<\/p>\n\n\n\n<p>Ukrase su u\u010denici, uz pomo\u0107 svojih nastavnika, radili od stiropora i stirodura, a glavne boje an\u0111ela i ostalih motiva koji krase jelku su bijela i zlatna.<\/p>\n\n\n\n<p>Kako nam je pojasnila nastavnica likovne kulture u ovoj \u0161koli Ena Jankovi\u0107 Vidmar, najprije su napravili skicu, motivi su zatim strojno izrezani, a u\u010denici su ih potom ru\u010dno oslikavali.<\/p>\n\n\n\n<p><em><strong>\u201eNa\u0161im u\u010denicima je ovo prvi put da sudjeluju u ki\u0107enju pa su svi sretni i odu\u0161evljeni ovim malim, ali za njih velikim projektom. Nadam se da \u0107e se gra\u0111anima svidjeti \u0161to su oni radili zadnjih par dana jer smo zadatak htjeli odraditi na jedan ma\u0161tovit i kreativan na\u010din\u201d<\/strong><\/em>, rekla je nastavnica.<\/p>\n\n\n\n<figure class=\"wp-block-gallery columns-2 is-cropped wp-block-gallery-1 is-layout-flex wp-block-gallery-is-layout-flex\"><ul class=\"blocks-gallery-grid\"><li class=\"blocks-gallery-item\"><figure><a href=\"https:\/\/www.adventvinkovci.com\/wp-content\/uploads\/2021\/11\/IMG_9891.jpg\"><img loading=\"lazy\" decoding=\"async\" width=\"1024\" height=\"683\" src=\"https:\/\/www.adventvinkovci.com\/wp-content\/uploads\/2021\/11\/IMG_9891-1024x683.jpg\" alt=\"\" data-id=\"5702\" data-full-url=\"https:\/\/www.adventvinkovci.com\/wp-content\/uploads\/2021\/11\/IMG_9891.jpg\" data-link=\"https:\/\/www.adventvinkovci.com\/?attachment_id=5702\" class=\"wp-image-5702\" srcset=\"https:\/\/www.adventvinkovci.com\/wp-content\/uploads\/2021\/11\/IMG_9891-980x653.jpg 980w, https:\/\/www.adventvinkovci.com\/wp-content\/uploads\/2021\/11\/IMG_9891-480x320.jpg 480w\" sizes=\"(min-width: 0px) and (max-width: 480px) 480px, (min-width: 481px) and (max-width: 980px) 980px, (min-width: 981px) 1024px, 100vw\" \/><\/a><\/figure><\/li><li class=\"blocks-gallery-item\"><figure><a href=\"https:\/\/www.adventvinkovci.com\/wp-content\/uploads\/2021\/11\/IMG_9893.jpg\"><img loading=\"lazy\" decoding=\"async\" width=\"1024\" height=\"683\" src=\"https:\/\/www.adventvinkovci.com\/wp-content\/uploads\/2021\/11\/IMG_9893-1024x683.jpg\" alt=\"\" data-id=\"5703\" data-full-url=\"https:\/\/www.adventvinkovci.com\/wp-content\/uploads\/2021\/11\/IMG_9893.jpg\" data-link=\"https:\/\/www.adventvinkovci.com\/?attachment_id=5703\" class=\"wp-image-5703\" srcset=\"https:\/\/www.adventvinkovci.com\/wp-content\/uploads\/2021\/11\/IMG_9893-980x653.jpg 980w, https:\/\/www.adventvinkovci.com\/wp-content\/uploads\/2021\/11\/IMG_9893-480x320.jpg 480w\" sizes=\"(min-width: 0px) and (max-width: 480px) 480px, (min-width: 481px) and (max-width: 980px) 980px, (min-width: 981px) 1024px, 100vw\" \/><\/a><\/figure><\/li><\/ul><\/figure>","protected":false},"excerpt":{"rendered":"<p>\u201ePravili smo an\u0111ele, sr\u010deka i zvon\u010di\u0107e i sve smo to radili s velikim u\u017eitkom, jako nam je bilo zabavno\u201d,&nbsp;rekla nam je Maja Na\u0111ur\u0111, u\u010denica 8.c razreda koja je sa svojim kolegama iz Osnovne \u0161kole Bartola Ka\u0161i\u0107a danas prigodno okitila veliku bo\u017ei\u0107nu jelku u sredi\u0161tu Vinkovaca. Blagdanski duh ove godine u na\u0161em \u0107e gradu biti u [&hellip;]<\/p>","protected":false},"author":4,"featured_media":5704,"comment_status":"open","ping_status":"open","sticky":false,"template":"","format":"standard","meta":{"_et_pb_use_builder":"","_et_pb_old_content":"","_et_gb_content_width":"","footnotes":""},"categories":[2],"tags":[],"class_list":["post-5700","post","type-post","status-publish","format-standard","has-post-thumbnail","hentry","category-novosti"],"_links":{"self":[{"href":"https:\/\/www.adventvinkovci.com\/en\/wp-json\/wp\/v2\/posts\/5700","targetHints":{"allow":["GET"]}}],"collection":[{"href":"https:\/\/www.adventvinkovci.com\/en\/wp-json\/wp\/v2\/posts"}],"about":[{"href":"https:\/\/www.adventvinkovci.com\/en\/wp-json\/wp\/v2\/types\/post"}],"author":[{"embeddable":true,"href":"https:\/\/www.adventvinkovci.com\/en\/wp-json\/wp\/v2\/users\/4"}],"replies":[{"embeddable":true,"href":"https:\/\/www.adventvinkovci.com\/en\/wp-json\/wp\/v2\/comments?post=5700"}],"version-history":[{"count":0,"href":"https:\/\/www.adventvinkovci.com\/en\/wp-json\/wp\/v2\/posts\/5700\/revisions"}],"wp:featuredmedia":[{"embeddable":true,"href":"https:\/\/www.adventvinkovci.com\/en\/wp-json\/wp\/v2\/media\/5704"}],"wp:attachment":[{"href":"https:\/\/www.adventvinkovci.com\/en\/wp-json\/wp\/v2\/media?parent=5700"}],"wp:term":[{"taxonomy":"category","embeddable":true,"href":"https:\/\/www.adventvinkovci.com\/en\/wp-json\/wp\/v2\/categories?post=5700"},{"taxonomy":"post_tag","embeddable":true,"href":"https:\/\/www.adventvinkovci.com\/en\/wp-json\/wp\/v2\/tags?post=5700"}],"curies":[{"name":"wp","href":"https:\/\/api.w.org\/{rel}","templated":true}]}}