{"id":5715,"date":"2021-11-26T16:52:14","date_gmt":"2021-11-26T15:52:14","guid":{"rendered":"https:\/\/www.adventvinkovci.com\/?p=5715"},"modified":"2021-11-26T16:52:14","modified_gmt":"2021-11-26T15:52:14","slug":"uz-savjete-vinkovcanke-blazenke-pokrenite-mastu-i-zacinite-si-bozic","status":"publish","type":"post","link":"https:\/\/www.adventvinkovci.com\/en\/uz-savjete-vinkovcanke-blazenke-pokrenite-mastu-i-zacinite-si-bozic\/","title":{"rendered":"Uz savjete Vinkov\u010danke Bla\u017eenke pokrenite ma\u0161tu i za\u010dinite si Bo\u017ei\u0107"},"content":{"rendered":"<p><strong>Advent se polako pri\u0161uljao i jedno je sigurno \u2013 koliko god kasnili s bo\u017ei\u0107nim pripremama, adventski vijenac mora biti spreman na vrijeme. Zadnji je tren da odlu\u010dite kakav \u0107e vijenac krasiti va\u0161 dom, a Vinkov\u010danka Bla\u017eenka Omr\u010danin savjetuje da ga ove godine poku\u0161ate napraviti sami.<\/strong><\/p>\n\n\n\n<p>Prekrasan prirodni adventski vijenac i gotovo potpuno besplatan, uz trunku volje i truda u svome domu mo\u017ee imati svatko od nas. Kako? Tajne nam otkriva obrtnica Bla\u017eenka Omr\u010danin. Najzahtjevniji zadatak je prikupiti materijale iz okru\u017eenja, a sve ostalo prepustite svojoj ma\u0161ti i kreativnosti. Cvje\u0107arku Bla\u017eenku smo posjetili u njezinoj poznatoj Freziji i ne\u0161to manje od 90 minuta upijali svaki korak izrade.<\/p>\n\n\n\n<p>Za podlogu koristite vijenac od slame, mo\u017ee biti od nekog starog vijenca ili kupljen. Opletite ga s razli\u010ditom vrstom crnogorice \u2013 simbolom vje\u010dnosti, koju mo\u017eete prona\u0107i u okolini i koja, osim \u0161to izgleda lijepo i prigodno, mo\u017ee i dugo izdr\u017eati. Bla\u017eenka je u ovom slu\u010daju koristila \u010dak 10 vrsta zelenila pa su se uz crnogoricu na vjen\u010di\u0107u na\u0161li i listovi plodi\u0107a, lovora, vi\u0161nje, br\u0161ljana te ru\u017emarin.<\/p>\n\n\n\n<figure class=\"wp-block-image size-large\"><a href=\"https:\/\/www.adventvinkovci.com\/wp-content\/uploads\/2021\/11\/Adventski-vijenac-5.jpg\"><img loading=\"lazy\" decoding=\"async\" width=\"1024\" height=\"683\" src=\"https:\/\/www.adventvinkovci.com\/wp-content\/uploads\/2021\/11\/Adventski-vijenac-5-1024x683.jpg\" alt=\"\" class=\"wp-image-5717\" srcset=\"https:\/\/www.adventvinkovci.com\/wp-content\/uploads\/2021\/11\/Adventski-vijenac-5-980x653.jpg 980w, https:\/\/www.adventvinkovci.com\/wp-content\/uploads\/2021\/11\/Adventski-vijenac-5-480x320.jpg 480w\" sizes=\"(min-width: 0px) and (max-width: 480px) 480px, (min-width: 481px) and (max-width: 980px) 980px, (min-width: 981px) 1024px, 100vw\" \/><\/a><\/figure>\n\n\n\n<p><em><strong>\u201eMo\u017eete dodati i gran\u010dice, koru ili bilo \u0161to drugo od prirodnih materijala jer s njima ne mo\u017eete pogrije\u0161iti. Struka ove godine, uglavnom zbog korone, predla\u017ee i su\u0161ene materijale poput cvije\u0107a ili trava\u201d<\/strong><\/em>, napominje na\u0161a sugovornica te isti\u010de kako je va\u017eno imati razli\u010dite strukture materijala kako bi se dobila dinamika.<\/p>\n\n\n\n<p>U skladu s time, na zelenilo kojim je pokrila podlogu dodala je i \u010de\u0161er, kesten, mu\u0161mule, malus odnosno ukrasnu jabuku, \u017eir te doma\u0107u jabuku koju je na vijenac stavila uz pomo\u0107 drvenih \u0161tapi\u0107a. Majstorica svoga zanata otkriva kako je drveni \u0161tapi\u0107 najbolja opcija jer tako vo\u0107e koje koristimo sporije trune.<\/p>\n\n\n\n<figure class=\"wp-block-gallery columns-2 is-cropped wp-block-gallery-1 is-layout-flex wp-block-gallery-is-layout-flex\"><ul class=\"blocks-gallery-grid\"><li class=\"blocks-gallery-item\"><figure><a href=\"https:\/\/www.adventvinkovci.com\/wp-content\/uploads\/2021\/11\/Adventski-vijenac-1.jpg\"><img loading=\"lazy\" decoding=\"async\" width=\"1024\" height=\"683\" src=\"https:\/\/www.adventvinkovci.com\/wp-content\/uploads\/2021\/11\/Adventski-vijenac-1-1024x683.jpg\" alt=\"\" data-id=\"5718\" data-full-url=\"https:\/\/www.adventvinkovci.com\/wp-content\/uploads\/2021\/11\/Adventski-vijenac-1.jpg\" data-link=\"https:\/\/www.adventvinkovci.com\/?attachment_id=5718\" class=\"wp-image-5718\" srcset=\"https:\/\/www.adventvinkovci.com\/wp-content\/uploads\/2021\/11\/Adventski-vijenac-1-980x653.jpg 980w, https:\/\/www.adventvinkovci.com\/wp-content\/uploads\/2021\/11\/Adventski-vijenac-1-480x320.jpg 480w\" sizes=\"(min-width: 0px) and (max-width: 480px) 480px, (min-width: 481px) and (max-width: 980px) 980px, (min-width: 981px) 1024px, 100vw\" \/><\/a><\/figure><\/li><li class=\"blocks-gallery-item\"><figure><a href=\"https:\/\/www.adventvinkovci.com\/wp-content\/uploads\/2021\/11\/Adventski-vijenac-4.jpg\"><img loading=\"lazy\" decoding=\"async\" width=\"1024\" height=\"683\" src=\"https:\/\/www.adventvinkovci.com\/wp-content\/uploads\/2021\/11\/Adventski-vijenac-4-1024x683.jpg\" alt=\"\" data-id=\"5719\" data-full-url=\"https:\/\/www.adventvinkovci.com\/wp-content\/uploads\/2021\/11\/Adventski-vijenac-4.jpg\" data-link=\"https:\/\/www.adventvinkovci.com\/?attachment_id=5719\" class=\"wp-image-5719\" srcset=\"https:\/\/www.adventvinkovci.com\/wp-content\/uploads\/2021\/11\/Adventski-vijenac-4-980x653.jpg 980w, https:\/\/www.adventvinkovci.com\/wp-content\/uploads\/2021\/11\/Adventski-vijenac-4-480x320.jpg 480w\" sizes=\"(min-width: 0px) and (max-width: 480px) 480px, (min-width: 481px) and (max-width: 980px) 980px, (min-width: 981px) 1024px, 100vw\" \/><\/a><\/figure><\/li><\/ul><\/figure>\n\n\n\n<p>Vijenac je oplela na tradicionalan na\u010din, ali ga je aran\u017eirala moderno. Koristila je i prirodnu vunu te dodala gran\u010dice od puzave hortenzije kako bi dobila 3D efekt.&nbsp;<em><strong>\u201eNjih stavljamo na kraju jer donose puno\u0107u. On sad izgleda potpuno druga\u010dije i od klasi\u010dnog smo ga pretvorili u moderan\u201d<\/strong><\/em>, poja\u0161njava Bla\u017eenka.<\/p>\n\n\n\n<p>Spomenimo i kako svije\u0107e imaju termo za\u0161titu \u0161to zna\u010di da nema opasnosti od zapaljenja, ali i da \u0107e biti jeftiniji jer ne moramo kupovati podmeta\u010de. Imaju posebnu oznaku i mo\u017eete ih prona\u0107i u slobodnoj prodaji.<\/p>\n\n\n\n<p><em><strong>\u201eBudite svoji i radite prema vlastitim idejama jer tako \u0107ete biti zadovoljniji na kraju\u201d<\/strong><\/em>, poru\u010duje na\u0161a floristica \u201eglancanjem\u201d posljednjeg detalja ovog tradicionalno modernog vijenca kojega se ne bi postidio niti jedan slavonski dom. Advent uklju\u010den, spremno \u010dekamo Bo\u017ei\u0107.<\/p>\n\n\n\n<figure class=\"wp-block-gallery columns-3 is-cropped wp-block-gallery-2 is-layout-flex wp-block-gallery-is-layout-flex\"><ul class=\"blocks-gallery-grid\"><li class=\"blocks-gallery-item\"><figure><a href=\"https:\/\/www.adventvinkovci.com\/wp-content\/uploads\/2021\/11\/IMG_7759.jpg\"><img loading=\"lazy\" decoding=\"async\" width=\"1024\" height=\"683\" src=\"https:\/\/www.adventvinkovci.com\/wp-content\/uploads\/2021\/11\/IMG_7759-1024x683.jpg\" alt=\"\" data-id=\"5723\" data-full-url=\"https:\/\/www.adventvinkovci.com\/wp-content\/uploads\/2021\/11\/IMG_7759.jpg\" data-link=\"https:\/\/www.adventvinkovci.com\/?attachment_id=5723\" class=\"wp-image-5723\" srcset=\"https:\/\/www.adventvinkovci.com\/wp-content\/uploads\/2021\/11\/IMG_7759-980x653.jpg 980w, https:\/\/www.adventvinkovci.com\/wp-content\/uploads\/2021\/11\/IMG_7759-480x320.jpg 480w\" sizes=\"(min-width: 0px) and (max-width: 480px) 480px, (min-width: 481px) and (max-width: 980px) 980px, (min-width: 981px) 1024px, 100vw\" \/><\/a><\/figure><\/li><li class=\"blocks-gallery-item\"><figure><a href=\"https:\/\/www.adventvinkovci.com\/wp-content\/uploads\/2021\/11\/Adventski-vijenac-9.jpg\"><img loading=\"lazy\" decoding=\"async\" width=\"1024\" height=\"683\" src=\"https:\/\/www.adventvinkovci.com\/wp-content\/uploads\/2021\/11\/Adventski-vijenac-9-1024x683.jpg\" alt=\"\" data-id=\"5722\" data-full-url=\"https:\/\/www.adventvinkovci.com\/wp-content\/uploads\/2021\/11\/Adventski-vijenac-9.jpg\" data-link=\"https:\/\/www.adventvinkovci.com\/?attachment_id=5722\" class=\"wp-image-5722\" srcset=\"https:\/\/www.adventvinkovci.com\/wp-content\/uploads\/2021\/11\/Adventski-vijenac-9-980x653.jpg 980w, https:\/\/www.adventvinkovci.com\/wp-content\/uploads\/2021\/11\/Adventski-vijenac-9-480x320.jpg 480w\" sizes=\"(min-width: 0px) and (max-width: 480px) 480px, (min-width: 481px) and (max-width: 980px) 980px, (min-width: 981px) 1024px, 100vw\" \/><\/a><\/figure><\/li><li class=\"blocks-gallery-item\"><figure><a href=\"https:\/\/www.adventvinkovci.com\/wp-content\/uploads\/2021\/11\/Adventski-vijenac-2.jpg\"><img loading=\"lazy\" decoding=\"async\" width=\"1024\" height=\"683\" src=\"https:\/\/www.adventvinkovci.com\/wp-content\/uploads\/2021\/11\/Adventski-vijenac-2-1024x683.jpg\" alt=\"\" data-id=\"5720\" data-full-url=\"https:\/\/www.adventvinkovci.com\/wp-content\/uploads\/2021\/11\/Adventski-vijenac-2.jpg\" data-link=\"https:\/\/www.adventvinkovci.com\/?attachment_id=5720\" class=\"wp-image-5720\" srcset=\"https:\/\/www.adventvinkovci.com\/wp-content\/uploads\/2021\/11\/Adventski-vijenac-2-980x653.jpg 980w, https:\/\/www.adventvinkovci.com\/wp-content\/uploads\/2021\/11\/Adventski-vijenac-2-480x320.jpg 480w\" sizes=\"(min-width: 0px) and (max-width: 480px) 480px, (min-width: 481px) and (max-width: 980px) 980px, (min-width: 981px) 1024px, 100vw\" \/><\/a><\/figure><\/li><li class=\"blocks-gallery-item\"><figure><a href=\"https:\/\/www.adventvinkovci.com\/wp-content\/uploads\/2021\/11\/Adventski-vijenac-3.jpg\"><img loading=\"lazy\" decoding=\"async\" width=\"1024\" height=\"683\" src=\"https:\/\/www.adventvinkovci.com\/wp-content\/uploads\/2021\/11\/Adventski-vijenac-3-1024x683.jpg\" alt=\"\" data-id=\"5721\" data-full-url=\"https:\/\/www.adventvinkovci.com\/wp-content\/uploads\/2021\/11\/Adventski-vijenac-3.jpg\" data-link=\"https:\/\/www.adventvinkovci.com\/?attachment_id=5721\" class=\"wp-image-5721\" srcset=\"https:\/\/www.adventvinkovci.com\/wp-content\/uploads\/2021\/11\/Adventski-vijenac-3-980x653.jpg 980w, https:\/\/www.adventvinkovci.com\/wp-content\/uploads\/2021\/11\/Adventski-vijenac-3-480x320.jpg 480w\" sizes=\"(min-width: 0px) and (max-width: 480px) 480px, (min-width: 481px) and (max-width: 980px) 980px, (min-width: 981px) 1024px, 100vw\" \/><\/a><\/figure><\/li><\/ul><\/figure>","protected":false},"excerpt":{"rendered":"<p>Advent se polako pri\u0161uljao i jedno je sigurno \u2013 koliko god kasnili s bo\u017ei\u0107nim pripremama, adventski vijenac mora biti spreman na vrijeme. Zadnji je tren da odlu\u010dite kakav \u0107e vijenac krasiti va\u0161 dom, a Vinkov\u010danka Bla\u017eenka Omr\u010danin savjetuje da ga ove godine poku\u0161ate napraviti sami. Prekrasan prirodni adventski vijenac i gotovo potpuno besplatan, uz trunku [&hellip;]<\/p>","protected":false},"author":4,"featured_media":5716,"comment_status":"open","ping_status":"open","sticky":false,"template":"","format":"standard","meta":{"_et_pb_use_builder":"","_et_pb_old_content":"","_et_gb_content_width":"","footnotes":""},"categories":[6,2],"tags":[],"class_list":["post-5715","post","type-post","status-publish","format-standard","has-post-thumbnail","hentry","category-6","category-novosti"],"_links":{"self":[{"href":"https:\/\/www.adventvinkovci.com\/en\/wp-json\/wp\/v2\/posts\/5715","targetHints":{"allow":["GET"]}}],"collection":[{"href":"https:\/\/www.adventvinkovci.com\/en\/wp-json\/wp\/v2\/posts"}],"about":[{"href":"https:\/\/www.adventvinkovci.com\/en\/wp-json\/wp\/v2\/types\/post"}],"author":[{"embeddable":true,"href":"https:\/\/www.adventvinkovci.com\/en\/wp-json\/wp\/v2\/users\/4"}],"replies":[{"embeddable":true,"href":"https:\/\/www.adventvinkovci.com\/en\/wp-json\/wp\/v2\/comments?post=5715"}],"version-history":[{"count":0,"href":"https:\/\/www.adventvinkovci.com\/en\/wp-json\/wp\/v2\/posts\/5715\/revisions"}],"wp:featuredmedia":[{"embeddable":true,"href":"https:\/\/www.adventvinkovci.com\/en\/wp-json\/wp\/v2\/media\/5716"}],"wp:attachment":[{"href":"https:\/\/www.adventvinkovci.com\/en\/wp-json\/wp\/v2\/media?parent=5715"}],"wp:term":[{"taxonomy":"category","embeddable":true,"href":"https:\/\/www.adventvinkovci.com\/en\/wp-json\/wp\/v2\/categories?post=5715"},{"taxonomy":"post_tag","embeddable":true,"href":"https:\/\/www.adventvinkovci.com\/en\/wp-json\/wp\/v2\/tags?post=5715"}],"curies":[{"name":"wp","href":"https:\/\/api.w.org\/{rel}","templated":true}]}}