{"id":5725,"date":"2021-11-27T08:30:00","date_gmt":"2021-11-27T07:30:00","guid":{"rendered":"https:\/\/www.adventvinkovci.com\/?p=5725"},"modified":"2021-11-27T08:30:00","modified_gmt":"2021-11-27T07:30:00","slug":"vlc-mario-brkic-pocetak-adventa-u-svijetu-jedno-je-drugacije-svjetlo","status":"publish","type":"post","link":"https:\/\/www.adventvinkovci.com\/en\/vlc-mario-brkic-pocetak-adventa-u-svijetu-jedno-je-drugacije-svjetlo\/","title":{"rendered":"vl\u010d. Mario Brki\u0107: Po\u010detak Adventa u svijetu jedno je druga\u010dije svjetlo"},"content":{"rendered":"<p>Radosno i\u0161\u010dekivanje godi\u0161nje proslave Kristova ro\u0111enja ve\u010deras \u0107e paljenjem 1. adventske svije\u0107e u 20 sati najaviti \u017eupljani \u017eupa sv. \u0106irila i Metoda i bl. Alojzija Stepinca s filijalom sv. Josipa. Oni \u0107e uz procesiju, molitvu i adventske pjesme krenuti od svojih crkava kako bi zajedni\u010dki pohodili sredi\u0161te gradskog parka i simboli\u010dno ozna\u010dili po\u010detak Adventa u Vinkovcima uo\u010di prve nedjelje Do\u0161a\u0161\u0107a.<\/p>\n\n\n\n<p>Ovo vrijeme ima svoje posebno mjesto u liturgijskoj godini, ali jo\u0161 vi\u0161e u na\u0161im srcima, poru\u010duje vl\u010d. Mario Brki\u0107, \u017eupnik u Radi\u0107evom bloku. Svakoga \u010dovjeka obuzimaju posebni osje\u0107aji radosti te smo sada vi\u0161e nego ina\u010de upu\u0107eni jedni na druge. Posebno se u nama budi osje\u0107aj osjetljivosti za one koji su u ve\u0107oj potrebi, kako materijalnoj, tako i duhovnoj, ka\u017ee te dodaje dok ure\u0111ujemo svoje domove i ulice na\u0161ega grada mno\u0161tvom adventskih ili ve\u0107 bo\u017ei\u0107nih ukrasa i simbola, dok se radujemo hrani, kola\u010dima, kuhanom vinu, mirisu cimeta i jabuka, toplini i svjetlu pucketaju\u0107e vatre, nebrojenim svjetlima lampica, iznad svega nabrojanoga isti\u010de se jedno druga\u010dije Svjetlo.<\/p>\n\n\n\n<p><strong>\u201eTo je ono istinsko Svjetlo koje je jednom zauvijek si\u0161lo na svijet i svakom \u010dovjeku dalo novu nadu u svim \u017eivotnim borbama, a posebno u onoj koja traga za kona\u010dnim smislom na\u0161ega postojanja. To Svjetlo je po\u010detak Adventa u svijetu. Ono je zapravo osoba koja ulazi u odnos sa svakim \u010dovjekom. To je Isus Krist, Bo\u017eji Sin, mlado Sunce koje silazi s visine,<\/strong>\u201d poru\u010duje \u017eupnik \u017dupe sv. \u0106irila i Metoda u povodu prve nedjelje Do\u0161a\u0161\u0107a \u010dija prva svije\u0107a simbolizira nadu i i\u0161\u010dekivanje.<\/p>\n\n\n\n<figure class=\"wp-block-image size-large\"><a href=\"https:\/\/www.adventvinkovci.com\/wp-content\/uploads\/2021\/11\/advent-vinkovci.jpg\"><img loading=\"lazy\" decoding=\"async\" width=\"1024\" height=\"576\" src=\"https:\/\/www.adventvinkovci.com\/wp-content\/uploads\/2021\/11\/advent-vinkovci-1024x576.jpg\" alt=\"\" class=\"wp-image-5726\" srcset=\"https:\/\/www.adventvinkovci.com\/wp-content\/uploads\/2021\/11\/advent-vinkovci-980x551.jpg 980w, https:\/\/www.adventvinkovci.com\/wp-content\/uploads\/2021\/11\/advent-vinkovci-480x270.jpg 480w\" sizes=\"(min-width: 0px) and (max-width: 480px) 480px, (min-width: 481px) and (max-width: 980px) 980px, (min-width: 981px) 1024px, 100vw\" \/><\/a><\/figure>\n\n\n\n<figure class=\"wp-block-image size-large\"><a href=\"https:\/\/www.adventvinkovci.com\/wp-content\/uploads\/2021\/11\/advent-vk.jpg\"><img loading=\"lazy\" decoding=\"async\" width=\"1024\" height=\"576\" src=\"https:\/\/www.adventvinkovci.com\/wp-content\/uploads\/2021\/11\/advent-vk-1024x576.jpg\" alt=\"\" class=\"wp-image-5727\" srcset=\"https:\/\/www.adventvinkovci.com\/wp-content\/uploads\/2021\/11\/advent-vk-980x551.jpg 980w, https:\/\/www.adventvinkovci.com\/wp-content\/uploads\/2021\/11\/advent-vk-480x270.jpg 480w\" sizes=\"(min-width: 0px) and (max-width: 480px) 480px, (min-width: 481px) and (max-width: 980px) 980px, (min-width: 981px) 1024px, 100vw\" \/><\/a><\/figure>\n\n\n\n<p>U okolnostima na\u0161ega vremena, pritisnuti te\u0161kom tjeskobom zbog ve\u0107 predugoga hrvanja sa silama koje izmi\u010du na\u0161em ljudskom geniju, \u017eelimo iznova prepoznati upravo u Isusu Kristu kona\u010dnu nadu i Svjetlo na\u0161ega \u017eivota, poru\u010duje.<\/p>\n\n\n\n<p>Svojim prvim dolaskom na svijet pokazao je da je on vladar nad svim silama prirode. Od vode stvoriti novo vino, po vodi hodati bez da krene tonuti, zapovijedati oluji i uzburkanome moru da se sti\u0161aju, pokazati se vladarom ne samo nad bole\u0161\u0107u, ve\u0107 i nad samom ljudskom smr\u0107u: nisu li sve to konkretni znakovi da je me\u0111u nas do\u0161ao onaj kome pripada sav stvoreni svijet i \u010diji je kona\u010dni cilj ne uni\u0161titi, nego obnoviti sve stvorenje u njegovom prvotnom dostojanstvu?, pita se.<\/p>\n\n\n\n<figure class=\"wp-block-image size-full\"><a href=\"https:\/\/www.adventvinkovci.com\/wp-content\/uploads\/2021\/11\/andeo.jpg\"><img loading=\"lazy\" decoding=\"async\" width=\"576\" height=\"839\" src=\"https:\/\/www.adventvinkovci.com\/wp-content\/uploads\/2021\/11\/andeo.jpg\" alt=\"\" class=\"wp-image-5728\" srcset=\"https:\/\/www.adventvinkovci.com\/wp-content\/uploads\/2021\/11\/andeo.jpg 576w, https:\/\/www.adventvinkovci.com\/wp-content\/uploads\/2021\/11\/andeo-480x699.jpg 480w\" sizes=\"(min-width: 0px) and (max-width: 480px) 480px, (min-width: 481px) 576px, 100vw\" \/><\/a><\/figure>\n\n\n\n<p>Radosno i\u0161\u010dekuju\u0107i Bo\u017ei\u0107 i ove godine na simboli\u010dan na\u010din uo\u010di \u010detiri adventske nedjelje palimo po jednu svije\u0107u na adventskom vijencu. Prvom kao vjernici potvr\u0111ujemo da nismo prestali i\u0161\u010dekivati njegov kona\u010dni dolazak, da se nismo prestali nadati kona\u010dnom bla\u017eenstvu koje zasigurno dolazi s njime.<\/p>\n\n\n\n<p><strong>Dok u\u017eivamo u svim sitnim ovozemaljskim radostima koje si kreiramo u ovo vrijeme Adventa, neka nam sve \u0161to \u010dinimo bude znak da smo slika na\u0161ega Stvoritelja. Slave\u0107i i vesele\u0107i se sada ovdje na zemlji, budimo znak vje\u010dnoga veselja u nebu. Neka nam svima paljenje prve adventske svije\u0107e bude trenutak te nade i tog i\u0161\u010dekivanja, poru\u010duje \u017eupnik Mario Brki\u0107.<\/strong><\/p>\n\n\n\n<p>Koncertom duhovne bo\u017ei\u0107ne glazbe u sredi\u0161tu grada u ovogodi\u0161nji Advent uvest \u0107e nas <strong>Alan Hr\u017eica<\/strong>.<\/p>\n\n\n\n<figure class=\"wp-block-image size-full\"><a href=\"https:\/\/www.adventvinkovci.com\/wp-content\/uploads\/2021\/11\/advent-vkv.jpg\"><img loading=\"lazy\" decoding=\"async\" width=\"714\" height=\"849\" src=\"https:\/\/www.adventvinkovci.com\/wp-content\/uploads\/2021\/11\/advent-vkv.jpg\" alt=\"\" class=\"wp-image-5730\" srcset=\"https:\/\/www.adventvinkovci.com\/wp-content\/uploads\/2021\/11\/advent-vkv.jpg 714w, https:\/\/www.adventvinkovci.com\/wp-content\/uploads\/2021\/11\/advent-vkv-480x571.jpg 480w\" sizes=\"(min-width: 0px) and (max-width: 480px) 480px, (min-width: 481px) 714px, 100vw\" \/><\/a><\/figure>","protected":false},"excerpt":{"rendered":"<p>Radosno i\u0161\u010dekivanje godi\u0161nje proslave Kristova ro\u0111enja ve\u010deras \u0107e paljenjem 1. adventske svije\u0107e u 20 sati najaviti \u017eupljani \u017eupa sv. \u0106irila i Metoda i bl. Alojzija Stepinca s filijalom sv. Josipa. Oni \u0107e uz procesiju, molitvu i adventske pjesme krenuti od svojih crkava kako bi zajedni\u010dki pohodili sredi\u0161te gradskog parka i simboli\u010dno ozna\u010dili po\u010detak Adventa u [&hellip;]<\/p>","protected":false},"author":4,"featured_media":5729,"comment_status":"open","ping_status":"open","sticky":false,"template":"","format":"standard","meta":{"_et_pb_use_builder":"","_et_pb_old_content":"","_et_gb_content_width":"","footnotes":""},"categories":[2],"tags":[],"class_list":["post-5725","post","type-post","status-publish","format-standard","has-post-thumbnail","hentry","category-novosti"],"_links":{"self":[{"href":"https:\/\/www.adventvinkovci.com\/en\/wp-json\/wp\/v2\/posts\/5725","targetHints":{"allow":["GET"]}}],"collection":[{"href":"https:\/\/www.adventvinkovci.com\/en\/wp-json\/wp\/v2\/posts"}],"about":[{"href":"https:\/\/www.adventvinkovci.com\/en\/wp-json\/wp\/v2\/types\/post"}],"author":[{"embeddable":true,"href":"https:\/\/www.adventvinkovci.com\/en\/wp-json\/wp\/v2\/users\/4"}],"replies":[{"embeddable":true,"href":"https:\/\/www.adventvinkovci.com\/en\/wp-json\/wp\/v2\/comments?post=5725"}],"version-history":[{"count":0,"href":"https:\/\/www.adventvinkovci.com\/en\/wp-json\/wp\/v2\/posts\/5725\/revisions"}],"wp:featuredmedia":[{"embeddable":true,"href":"https:\/\/www.adventvinkovci.com\/en\/wp-json\/wp\/v2\/media\/5729"}],"wp:attachment":[{"href":"https:\/\/www.adventvinkovci.com\/en\/wp-json\/wp\/v2\/media?parent=5725"}],"wp:term":[{"taxonomy":"category","embeddable":true,"href":"https:\/\/www.adventvinkovci.com\/en\/wp-json\/wp\/v2\/categories?post=5725"},{"taxonomy":"post_tag","embeddable":true,"href":"https:\/\/www.adventvinkovci.com\/en\/wp-json\/wp\/v2\/tags?post=5725"}],"curies":[{"name":"wp","href":"https:\/\/api.w.org\/{rel}","templated":true}]}}