{"id":5739,"date":"2021-11-27T19:00:00","date_gmt":"2021-11-27T18:00:00","guid":{"rendered":"https:\/\/www.adventvinkovci.com\/?p=5739"},"modified":"2021-11-27T19:00:00","modified_gmt":"2021-11-27T18:00:00","slug":"stari-duh-bozica-u-vinkovcima-ozivljen-pricama-bake-eve","status":"publish","type":"post","link":"https:\/\/www.adventvinkovci.com\/en\/stari-duh-bozica-u-vinkovcima-ozivljen-pricama-bake-eve\/","title":{"rendered":"Stari duh Bo\u017ei\u0107a u Vinkovcima o\u017eivljen pri\u010dama bake Eve"},"content":{"rendered":"<p class=\"has-text-align-left\"><strong>U adventski park danas je stigla i jedna posebna go\u0161\u0107a. Mirno je sjedila ispred svoje ku\u0107ice, okupila i mlade i stare te svojim zanimljivim pri\u010dama donijela da\u0161ak tradicije. One koja se krije duboko u pro\u0161losti i na koju smo pomalo i zaboravili. Ku\u0107ica bake Eve otvorila je svoja vrata.<\/strong><\/p>\n\n\n\n<figure class=\"wp-block-gallery columns-2 is-cropped wp-block-gallery-1 is-layout-flex wp-block-gallery-is-layout-flex\"><ul class=\"blocks-gallery-grid\"><li class=\"blocks-gallery-item\"><figure><a href=\"https:\/\/www.adventvinkovci.com\/wp-content\/uploads\/2021\/11\/IMG_0075.jpg\"><img loading=\"lazy\" decoding=\"async\" width=\"1024\" height=\"683\" src=\"https:\/\/www.adventvinkovci.com\/wp-content\/uploads\/2021\/11\/IMG_0075-1024x683.jpg\" alt=\"\" data-id=\"5743\" data-full-url=\"https:\/\/www.adventvinkovci.com\/wp-content\/uploads\/2021\/11\/IMG_0075.jpg\" data-link=\"https:\/\/www.adventvinkovci.com\/?attachment_id=5743\" class=\"wp-image-5743\" srcset=\"https:\/\/www.adventvinkovci.com\/wp-content\/uploads\/2021\/11\/IMG_0075-980x653.jpg 980w, https:\/\/www.adventvinkovci.com\/wp-content\/uploads\/2021\/11\/IMG_0075-480x320.jpg 480w\" sizes=\"(min-width: 0px) and (max-width: 480px) 480px, (min-width: 481px) and (max-width: 980px) 980px, (min-width: 981px) 1024px, 100vw\" \/><\/a><\/figure><\/li><li class=\"blocks-gallery-item\"><figure><a href=\"https:\/\/www.adventvinkovci.com\/wp-content\/uploads\/2021\/11\/IMG_0081.jpg\"><img loading=\"lazy\" decoding=\"async\" width=\"1024\" height=\"683\" src=\"https:\/\/www.adventvinkovci.com\/wp-content\/uploads\/2021\/11\/IMG_0081-1024x683.jpg\" alt=\"\" data-id=\"5740\" data-full-url=\"https:\/\/www.adventvinkovci.com\/wp-content\/uploads\/2021\/11\/IMG_0081.jpg\" data-link=\"https:\/\/www.adventvinkovci.com\/?attachment_id=5740\" class=\"wp-image-5740\" srcset=\"https:\/\/www.adventvinkovci.com\/wp-content\/uploads\/2021\/11\/IMG_0081-980x653.jpg 980w, https:\/\/www.adventvinkovci.com\/wp-content\/uploads\/2021\/11\/IMG_0081-480x320.jpg 480w\" sizes=\"(min-width: 0px) and (max-width: 480px) 480px, (min-width: 481px) and (max-width: 980px) 980px, (min-width: 981px) 1024px, 100vw\" \/><\/a><\/figure><\/li><\/ul><\/figure>\n\n\n\n<p>Zamislite miris cimeta i vru\u0107ih kola\u010di\u0107a, obitelj okupljenu oko bo\u017ei\u0107ne jelke i zvuke bo\u017ei\u0107nih pjesama u toplom obiteljskom domu &#8211; upravo na ovakve slike podsjetila nas je danas baka Eva koja je brojnim znati\u017eeljnim gra\u0111anima ispri\u010dala kako je nekada izgledalo vrijeme Do\u0161a\u0161\u0107a, vrijeme i\u0161\u010dekivanja i pripreme za Bo\u017ei\u0107. Na Advent u Vinkovcima dovela ju je Udruga udomitelja za djecu i mlade Cibalae.<\/p>\n\n\n\n<p>Zahvaljuju\u0107i Ku\u0107ici bake Eve, svaka \u0107e subota do Bo\u017ei\u0107a biti ispunjena &#8220;pri\u010dama iz davnine&#8221;. Naime, kako nam je pojasnila predsjednica Udruge Gordana \u0160trbo, baka Eva svaki \u0107e vikend pri\u010dati pri\u010de posve\u0107ene Adventu i Bo\u017ei\u0107u, pri\u010de o starinskim obi\u010dajima kakve su njegovali na\u0161i stari i kako je to izgledalo kad su oni bili mali, a poku\u0161at \u0107e i pojasniti ono istinsko zna\u010denje blagdanskog razdoblja. U\u010dit \u0107e i mladi i stari.<\/p>\n\n\n\n<figure class=\"wp-block-gallery columns-2 is-cropped wp-block-gallery-2 is-layout-flex wp-block-gallery-is-layout-flex\"><ul class=\"blocks-gallery-grid\"><li class=\"blocks-gallery-item\"><figure><a href=\"https:\/\/www.adventvinkovci.com\/wp-content\/uploads\/2021\/11\/IMG_0083.jpg\"><img loading=\"lazy\" decoding=\"async\" width=\"1024\" height=\"683\" src=\"https:\/\/www.adventvinkovci.com\/wp-content\/uploads\/2021\/11\/IMG_0083-1024x683.jpg\" alt=\"\" data-id=\"5741\" data-full-url=\"https:\/\/www.adventvinkovci.com\/wp-content\/uploads\/2021\/11\/IMG_0083.jpg\" data-link=\"https:\/\/www.adventvinkovci.com\/?attachment_id=5741\" class=\"wp-image-5741\" srcset=\"https:\/\/www.adventvinkovci.com\/wp-content\/uploads\/2021\/11\/IMG_0083-980x653.jpg 980w, https:\/\/www.adventvinkovci.com\/wp-content\/uploads\/2021\/11\/IMG_0083-480x320.jpg 480w\" sizes=\"(min-width: 0px) and (max-width: 480px) 480px, (min-width: 481px) and (max-width: 980px) 980px, (min-width: 981px) 1024px, 100vw\" \/><\/a><\/figure><\/li><li class=\"blocks-gallery-item\"><figure><a href=\"https:\/\/www.adventvinkovci.com\/wp-content\/uploads\/2021\/11\/IMG_0087.jpg\"><img loading=\"lazy\" decoding=\"async\" width=\"1024\" height=\"683\" src=\"https:\/\/www.adventvinkovci.com\/wp-content\/uploads\/2021\/11\/IMG_0087-1024x683.jpg\" alt=\"\" data-id=\"5742\" data-full-url=\"https:\/\/www.adventvinkovci.com\/wp-content\/uploads\/2021\/11\/IMG_0087.jpg\" data-link=\"https:\/\/www.adventvinkovci.com\/?attachment_id=5742\" class=\"wp-image-5742\" srcset=\"https:\/\/www.adventvinkovci.com\/wp-content\/uploads\/2021\/11\/IMG_0087-980x653.jpg 980w, https:\/\/www.adventvinkovci.com\/wp-content\/uploads\/2021\/11\/IMG_0087-480x320.jpg 480w\" sizes=\"(min-width: 0px) and (max-width: 480px) 480px, (min-width: 481px) and (max-width: 980px) 980px, (min-width: 981px) 1024px, 100vw\" \/><\/a><\/figure><\/li><\/ul><\/figure>\n\n\n\n<p><em><strong>&#8220;Mi smo i\u0161li na dio koji stvarno nitko dosad nije imao. Zamislili smo to tako da u subotu iza\u0111ete u grad sa svojom djecom, dijete je mo\u017eda nemirno i do\u0111ete poslu\u0161ati ne\u0161to zanimljivo iz tradicije. Bit \u0107e vi\u0161e vezanih pri\u010da pa u kojemu god trenutku do\u0111ete ne\u0107ete pogrije\u0161iti i ni\u0161ta ne\u0107ete propustiti. Cilj nam je kroz pri\u010du educirati i djecu i odrasle, da osvijestimo ono istinsko zna\u010denje Bo\u017ei\u0107a, da osjete tu radost&#8221;<\/strong><\/em>, pojasnila je \u0160trbo.<\/p>\n\n\n\n<p>Ve\u0107 prva subota potvrdila je Gordanine rije\u010di. U starinskom ambijentu ku\u0107ice baka Eva je pri\u010dala svoju prvu pri\u010du &#8211; posve\u0107enu prvoj nedjelji Do\u0161a\u0161\u0107a pa su okupljeni mogli doznati \u0161to je to to\u010dno Advent, kako je nastao ili pak za\u0161to je adventski vijenac u obliku kruga. Pri\u010du su upotpunila dje\u010dica odjevena u pahuljice i an\u0111ele iz \u010dijih smo se ruku mogli osladiti kola\u010dima i u\u0161e\u0107erenim jabukama. Sve uz prigodnu pjesmu i recitaciju, a baka Eva spremno je odgovarala na sva pitanja koja su postavljala radoznala djeca.<\/p>\n\n\n\n<figure class=\"wp-block-gallery columns-3 is-cropped wp-block-gallery-3 is-layout-flex wp-block-gallery-is-layout-flex\"><ul class=\"blocks-gallery-grid\"><li class=\"blocks-gallery-item\"><figure><a href=\"https:\/\/www.adventvinkovci.com\/wp-content\/uploads\/2021\/11\/IMG_0111.jpg\"><img loading=\"lazy\" decoding=\"async\" width=\"1024\" height=\"683\" src=\"https:\/\/www.adventvinkovci.com\/wp-content\/uploads\/2021\/11\/IMG_0111-1024x683.jpg\" alt=\"\" data-id=\"5744\" data-full-url=\"https:\/\/www.adventvinkovci.com\/wp-content\/uploads\/2021\/11\/IMG_0111.jpg\" data-link=\"https:\/\/www.adventvinkovci.com\/?attachment_id=5744\" class=\"wp-image-5744\" srcset=\"https:\/\/www.adventvinkovci.com\/wp-content\/uploads\/2021\/11\/IMG_0111-980x653.jpg 980w, https:\/\/www.adventvinkovci.com\/wp-content\/uploads\/2021\/11\/IMG_0111-480x320.jpg 480w\" sizes=\"(min-width: 0px) and (max-width: 480px) 480px, (min-width: 481px) and (max-width: 980px) 980px, (min-width: 981px) 1024px, 100vw\" \/><\/a><\/figure><\/li><li class=\"blocks-gallery-item\"><figure><a href=\"https:\/\/www.adventvinkovci.com\/wp-content\/uploads\/2021\/11\/IMG_0112.jpg\"><img loading=\"lazy\" decoding=\"async\" width=\"1024\" height=\"683\" src=\"https:\/\/www.adventvinkovci.com\/wp-content\/uploads\/2021\/11\/IMG_0112-1024x683.jpg\" alt=\"\" data-id=\"5745\" data-full-url=\"https:\/\/www.adventvinkovci.com\/wp-content\/uploads\/2021\/11\/IMG_0112.jpg\" data-link=\"https:\/\/www.adventvinkovci.com\/?attachment_id=5745\" class=\"wp-image-5745\" srcset=\"https:\/\/www.adventvinkovci.com\/wp-content\/uploads\/2021\/11\/IMG_0112-980x653.jpg 980w, https:\/\/www.adventvinkovci.com\/wp-content\/uploads\/2021\/11\/IMG_0112-480x320.jpg 480w\" sizes=\"(min-width: 0px) and (max-width: 480px) 480px, (min-width: 481px) and (max-width: 980px) 980px, (min-width: 981px) 1024px, 100vw\" \/><\/a><\/figure><\/li><li class=\"blocks-gallery-item\"><figure><a href=\"https:\/\/www.adventvinkovci.com\/wp-content\/uploads\/2021\/11\/IMG_0113.jpg\"><img loading=\"lazy\" decoding=\"async\" width=\"1024\" height=\"683\" src=\"https:\/\/www.adventvinkovci.com\/wp-content\/uploads\/2021\/11\/IMG_0113-1024x683.jpg\" alt=\"\" data-id=\"5746\" data-full-url=\"https:\/\/www.adventvinkovci.com\/wp-content\/uploads\/2021\/11\/IMG_0113.jpg\" data-link=\"https:\/\/www.adventvinkovci.com\/?attachment_id=5746\" class=\"wp-image-5746\" srcset=\"https:\/\/www.adventvinkovci.com\/wp-content\/uploads\/2021\/11\/IMG_0113-980x653.jpg 980w, https:\/\/www.adventvinkovci.com\/wp-content\/uploads\/2021\/11\/IMG_0113-480x320.jpg 480w\" sizes=\"(min-width: 0px) and (max-width: 480px) 480px, (min-width: 481px) and (max-width: 980px) 980px, (min-width: 981px) 1024px, 100vw\" \/><\/a><\/figure><\/li><\/ul><\/figure>\n\n\n\n<p>Svaka je subota druga\u010dija pa \u0107e tako ona za sedam dana biti posve\u0107ena drugoj svije\u0107i i njezinoj simbolici mira, a mali an\u0111eli dobit \u0107e i neke nove zadatke. One slatke. Tre\u0107a subota posve\u0107ena \u0107e biti tre\u0107oj svije\u0107i i onim ozbiljnijim pripremama za Bo\u017ei\u0107, dok \u0107e posljednja u na\u0161 grad donijeti pravi prikaz Badnjaka kako je nekada izgledao.<\/p>\n\n\n\n<p><strong>Kako vam ne bi otkrili previ\u0161e, morat \u0107ete se sami uvjeriti zbog \u010dega je Ku\u0107ica bake Eve savr\u0161en dio bo\u017ei\u0107ne bajke u gradu. To mo\u017eete u\u010diniti svake subote od 17:30 sati u sredi\u0161njem parku, a uz na\u0161u baku koja ve\u0107 ima spremne brojne zanimljivosti, \u017eeljno vas i\u0161\u010dekuju i dje\u010dica koja jedva \u010dekaju da vidite \u0161to su sve pripremila.<\/strong><\/p>\n\n\n\n<figure class=\"wp-block-image size-large\"><a href=\"https:\/\/www.adventvinkovci.com\/wp-content\/uploads\/2021\/11\/IMG_0093.jpg\"><img loading=\"lazy\" decoding=\"async\" width=\"1024\" height=\"683\" src=\"https:\/\/www.adventvinkovci.com\/wp-content\/uploads\/2021\/11\/IMG_0093-1024x683.jpg\" alt=\"\" class=\"wp-image-5747\" srcset=\"https:\/\/www.adventvinkovci.com\/wp-content\/uploads\/2021\/11\/IMG_0093-980x653.jpg 980w, https:\/\/www.adventvinkovci.com\/wp-content\/uploads\/2021\/11\/IMG_0093-480x320.jpg 480w\" sizes=\"(min-width: 0px) and (max-width: 480px) 480px, (min-width: 481px) and (max-width: 980px) 980px, (min-width: 981px) 1024px, 100vw\" \/><\/a><\/figure>","protected":false},"excerpt":{"rendered":"<p>U adventski park danas je stigla i jedna posebna go\u0161\u0107a. Mirno je sjedila ispred svoje ku\u0107ice, okupila i mlade i stare te svojim zanimljivim pri\u010dama donijela da\u0161ak tradicije. One koja se krije duboko u pro\u0161losti i na koju smo pomalo i zaboravili. Ku\u0107ica bake Eve otvorila je svoja vrata. Zamislite miris cimeta i vru\u0107ih kola\u010di\u0107a, [&hellip;]<\/p>","protected":false},"author":4,"featured_media":5749,"comment_status":"open","ping_status":"open","sticky":false,"template":"","format":"standard","meta":{"_et_pb_use_builder":"","_et_pb_old_content":"","_et_gb_content_width":"","footnotes":""},"categories":[6,2],"tags":[],"class_list":["post-5739","post","type-post","status-publish","format-standard","has-post-thumbnail","hentry","category-6","category-novosti"],"_links":{"self":[{"href":"https:\/\/www.adventvinkovci.com\/en\/wp-json\/wp\/v2\/posts\/5739","targetHints":{"allow":["GET"]}}],"collection":[{"href":"https:\/\/www.adventvinkovci.com\/en\/wp-json\/wp\/v2\/posts"}],"about":[{"href":"https:\/\/www.adventvinkovci.com\/en\/wp-json\/wp\/v2\/types\/post"}],"author":[{"embeddable":true,"href":"https:\/\/www.adventvinkovci.com\/en\/wp-json\/wp\/v2\/users\/4"}],"replies":[{"embeddable":true,"href":"https:\/\/www.adventvinkovci.com\/en\/wp-json\/wp\/v2\/comments?post=5739"}],"version-history":[{"count":0,"href":"https:\/\/www.adventvinkovci.com\/en\/wp-json\/wp\/v2\/posts\/5739\/revisions"}],"wp:featuredmedia":[{"embeddable":true,"href":"https:\/\/www.adventvinkovci.com\/en\/wp-json\/wp\/v2\/media\/5749"}],"wp:attachment":[{"href":"https:\/\/www.adventvinkovci.com\/en\/wp-json\/wp\/v2\/media?parent=5739"}],"wp:term":[{"taxonomy":"category","embeddable":true,"href":"https:\/\/www.adventvinkovci.com\/en\/wp-json\/wp\/v2\/categories?post=5739"},{"taxonomy":"post_tag","embeddable":true,"href":"https:\/\/www.adventvinkovci.com\/en\/wp-json\/wp\/v2\/tags?post=5739"}],"curies":[{"name":"wp","href":"https:\/\/api.w.org\/{rel}","templated":true}]}}