{"id":5751,"date":"2021-11-27T21:19:03","date_gmt":"2021-11-27T20:19:03","guid":{"rendered":"https:\/\/www.adventvinkovci.com\/?p=5751"},"modified":"2021-11-27T21:19:03","modified_gmt":"2021-11-27T20:19:03","slug":"plamen-prve-adventske-svijece-donio-je-nadu-i-vjeru-u-nas-grad","status":"publish","type":"post","link":"https:\/\/www.adventvinkovci.com\/en\/plamen-prve-adventske-svijece-donio-je-nadu-i-vjeru-u-nas-grad\/","title":{"rendered":"Plamen prve adventske svije\u0107e donio je nadu i vjeru u na\u0161 grad"},"content":{"rendered":"<p><strong>Paljenje adventskih svije\u0107a u sredi\u0161njem gradskom parku, kod Svetog Trojstva, postala je tradicija u Vinkovcima. Prvu su danas u 20 sati zapalili \u017eupljani \u017eupa sv. \u0106irila i Metoda i bl. Alojzija Stepinca s filijalom sv. Josipa, a njezin plamen simbolizira nadu i vjeru, odnosno navodi nas na ono \u0161to bismo trebali osvijestiti u danima koji su pred nama.<\/strong><\/p>\n\n\n\n<p>\u017dupljani Radi\u0107evog bloka i Mirkovaca, uz molitvu i pjesmu, procesijom su do\u0161li u centar grada, kako bi svjetlo koje predstavljaju bilo jo\u0161 vidljivije svim Vinkov\u010danima i na pravi na\u010din ozna\u010dilo slu\u017ebeni po\u010detak Adventa u gradu na Bosutu.<\/p>\n\n\n\n<p>Adventsko i bo\u017ei\u0107no vrijeme bude neke posebne osje\u0107aje u svakom od nas. Vrijeme je to kada su svi posebno osje\u0107ajni za one kojima je potrebna na\u0161a pomo\u0107, kada gradovi diljem Lijepe na\u0161e, ali i svijeta, svijetle nekom posebnom svjetlo\u0161\u0107u i ugo\u0111ajem. Iako su svi zauzeti ukra\u0161avanjem svojih domova, pripremama za kola\u010de i kupovanjem ranih bo\u017ei\u0107nih poklona, \u017eupnik \u017dupe sv. \u0106irila i Metoda poru\u010duje kako je potrebno posebnu pozornost obratiti i na ono istinsko Svjetlo koje je jednom si\u0161lo na svijet i \u010dovjeku dalo nadu u svim \u017eivotnim neda\u0107ama, ali i lijepo pro\u017eivljenim trenutcima, a prvu adventsku svije\u0107u upalila je Nicole Raj\u010danji.<\/p>\n\n\n\n<figure class=\"wp-block-image size-large\"><a href=\"https:\/\/www.adventvinkovci.com\/wp-content\/uploads\/2021\/11\/260997409_208220461454481_3086267265654551896_n.jpg\"><img loading=\"lazy\" decoding=\"async\" width=\"683\" height=\"1024\" src=\"https:\/\/www.adventvinkovci.com\/wp-content\/uploads\/2021\/11\/260997409_208220461454481_3086267265654551896_n-683x1024.jpg\" alt=\"\" class=\"wp-image-5752\"\/><\/a><\/figure>\n\n\n\n<p><em><strong>&#8220;To Svjetlo po\u010detak je Adventa u svijetu. Ono je zapravo osoba koja ulazi u odnos sa svakim \u010dovjekom. To je Isus Krist, Bo\u017eji Sin, mlado Sunce koje silazi s visine\u201d<\/strong><\/em>, napomenuo je vl\u010d. Mario Brki\u0107, \u017eupnik \u017dupe sv. \u0106irila i Metoda.<\/p>\n\n\n\n<p>Koliko je posebno vrijeme u kojem se nalazimo potvrdio je i Zoran Goman za kojeg Bo\u017ei\u0107 predstavlja najradosniji obiteljski blagdan koji se provodi u miru i sre\u0107i. <em><strong>\u201eVrijeme je ovo priprave za Bo\u017ei\u0107, samo u malo te\u017eem ozra\u010dju pandemije koronavirusa, ali vjerujem da \u0107e sve dobro pro\u0107i i da \u0107emo do\u010dekati u zajedni\u0161tvu radost Kristova ro\u0111enja\u201d<\/strong><\/em>, pojasnio je.<\/p>\n\n\n\n<p><em><strong>\u201eUpalili smo prvu adventsku svije\u0107u, svije\u0107u nade za bolje sutra i \u017eeljom da \u0107emo nadolaze\u0107e blagdane do\u010dekati u miru i ljubavi, sa svojim najmilijima\u201d<\/strong><\/em>, rekla je ispred Grada Marija Li\u0161\u010di\u0107 Drmi\u0107, pro\u010delnica Odjela za kulturu i turizam pozvav\u0161i sve okupljene da i idu\u0107ih subota u 20 sati do\u0111u u sredi\u0161nji gradski park te sudjeluju u paljenju preostalih adventskih svije\u0107a.<\/p>\n\n\n\n<figure class=\"wp-block-gallery columns-3 is-cropped wp-block-gallery-1 is-layout-flex wp-block-gallery-is-layout-flex\"><ul class=\"blocks-gallery-grid\"><li class=\"blocks-gallery-item\"><figure><a href=\"https:\/\/www.adventvinkovci.com\/wp-content\/uploads\/2021\/11\/260871659_613091913147861_8125369062086785592_n.jpg\"><img loading=\"lazy\" decoding=\"async\" width=\"1024\" height=\"683\" src=\"https:\/\/www.adventvinkovci.com\/wp-content\/uploads\/2021\/11\/260871659_613091913147861_8125369062086785592_n-1024x683.jpg\" alt=\"\" data-id=\"5753\" data-full-url=\"https:\/\/www.adventvinkovci.com\/wp-content\/uploads\/2021\/11\/260871659_613091913147861_8125369062086785592_n.jpg\" data-link=\"https:\/\/www.adventvinkovci.com\/?attachment_id=5753\" class=\"wp-image-5753\" srcset=\"https:\/\/www.adventvinkovci.com\/wp-content\/uploads\/2021\/11\/260871659_613091913147861_8125369062086785592_n-980x653.jpg 980w, https:\/\/www.adventvinkovci.com\/wp-content\/uploads\/2021\/11\/260871659_613091913147861_8125369062086785592_n-480x320.jpg 480w\" sizes=\"(min-width: 0px) and (max-width: 480px) 480px, (min-width: 481px) and (max-width: 980px) 980px, (min-width: 981px) 1024px, 100vw\" \/><\/a><\/figure><\/li><li class=\"blocks-gallery-item\"><figure><a href=\"https:\/\/www.adventvinkovci.com\/wp-content\/uploads\/2021\/11\/260978530_1903641726479928_2132217884477428773_n.jpg\"><img loading=\"lazy\" decoding=\"async\" width=\"1024\" height=\"683\" src=\"https:\/\/www.adventvinkovci.com\/wp-content\/uploads\/2021\/11\/260978530_1903641726479928_2132217884477428773_n-1024x683.jpg\" alt=\"\" data-id=\"5754\" data-full-url=\"https:\/\/www.adventvinkovci.com\/wp-content\/uploads\/2021\/11\/260978530_1903641726479928_2132217884477428773_n.jpg\" data-link=\"https:\/\/www.adventvinkovci.com\/?attachment_id=5754\" class=\"wp-image-5754\" srcset=\"https:\/\/www.adventvinkovci.com\/wp-content\/uploads\/2021\/11\/260978530_1903641726479928_2132217884477428773_n-980x653.jpg 980w, https:\/\/www.adventvinkovci.com\/wp-content\/uploads\/2021\/11\/260978530_1903641726479928_2132217884477428773_n-480x320.jpg 480w\" sizes=\"(min-width: 0px) and (max-width: 480px) 480px, (min-width: 481px) and (max-width: 980px) 980px, (min-width: 981px) 1024px, 100vw\" \/><\/a><\/figure><\/li><li class=\"blocks-gallery-item\"><figure><a href=\"https:\/\/www.adventvinkovci.com\/wp-content\/uploads\/2021\/11\/261124593_1279626255892348_3970707807767854710_n.jpg\"><img loading=\"lazy\" decoding=\"async\" width=\"1024\" height=\"683\" src=\"https:\/\/www.adventvinkovci.com\/wp-content\/uploads\/2021\/11\/261124593_1279626255892348_3970707807767854710_n-1024x683.jpg\" alt=\"\" data-id=\"5755\" data-full-url=\"https:\/\/www.adventvinkovci.com\/wp-content\/uploads\/2021\/11\/261124593_1279626255892348_3970707807767854710_n.jpg\" data-link=\"https:\/\/www.adventvinkovci.com\/?attachment_id=5755\" class=\"wp-image-5755\" srcset=\"https:\/\/www.adventvinkovci.com\/wp-content\/uploads\/2021\/11\/261124593_1279626255892348_3970707807767854710_n-980x653.jpg 980w, https:\/\/www.adventvinkovci.com\/wp-content\/uploads\/2021\/11\/261124593_1279626255892348_3970707807767854710_n-480x320.jpg 480w\" sizes=\"(min-width: 0px) and (max-width: 480px) 480px, (min-width: 481px) and (max-width: 980px) 980px, (min-width: 981px) 1024px, 100vw\" \/><\/a><\/figure><\/li><\/ul><\/figure>\n\n\n\n<p>Produhovljeni ulazak u Advent, koji budi nadu u bolje sutra i vjeru da \u0107e Isus Krist opet jednom do\u0107i k nama, dodatno je produbila pjesma i posebna energija poznatog pjeva\u010da Alana Hr\u017eice koji je, unato\u010d upornoj ki\u0161i, duhovnim stihovima unio dodatni mir u na\u0161 mali grad.<\/p>\n\n\n\n<figure class=\"wp-block-image size-large\"><a href=\"https:\/\/www.adventvinkovci.com\/wp-content\/uploads\/2021\/11\/IMG_0125-scaled.jpg\"><img decoding=\"async\" src=\"https:\/\/www.adventvinkovci.com\/wp-content\/uploads\/2021\/11\/IMG_0125-1024x683.jpg\" alt=\"\" class=\"wp-image-5756\"\/><\/a><\/figure>","protected":false},"excerpt":{"rendered":"<p>Paljenje adventskih svije\u0107a u sredi\u0161njem gradskom parku, kod Svetog Trojstva, postala je tradicija u Vinkovcima. Prvu su danas u 20 sati zapalili \u017eupljani \u017eupa sv. \u0106irila i Metoda i bl. Alojzija Stepinca s filijalom sv. Josipa, a njezin plamen simbolizira nadu i vjeru, odnosno navodi nas na ono \u0161to bismo trebali osvijestiti u danima koji [&hellip;]<\/p>","protected":false},"author":4,"featured_media":5757,"comment_status":"open","ping_status":"open","sticky":false,"template":"","format":"standard","meta":{"_et_pb_use_builder":"","_et_pb_old_content":"","_et_gb_content_width":"","footnotes":""},"categories":[6],"tags":[],"class_list":["post-5751","post","type-post","status-publish","format-standard","has-post-thumbnail","hentry","category-6"],"_links":{"self":[{"href":"https:\/\/www.adventvinkovci.com\/en\/wp-json\/wp\/v2\/posts\/5751","targetHints":{"allow":["GET"]}}],"collection":[{"href":"https:\/\/www.adventvinkovci.com\/en\/wp-json\/wp\/v2\/posts"}],"about":[{"href":"https:\/\/www.adventvinkovci.com\/en\/wp-json\/wp\/v2\/types\/post"}],"author":[{"embeddable":true,"href":"https:\/\/www.adventvinkovci.com\/en\/wp-json\/wp\/v2\/users\/4"}],"replies":[{"embeddable":true,"href":"https:\/\/www.adventvinkovci.com\/en\/wp-json\/wp\/v2\/comments?post=5751"}],"version-history":[{"count":0,"href":"https:\/\/www.adventvinkovci.com\/en\/wp-json\/wp\/v2\/posts\/5751\/revisions"}],"wp:featuredmedia":[{"embeddable":true,"href":"https:\/\/www.adventvinkovci.com\/en\/wp-json\/wp\/v2\/media\/5757"}],"wp:attachment":[{"href":"https:\/\/www.adventvinkovci.com\/en\/wp-json\/wp\/v2\/media?parent=5751"}],"wp:term":[{"taxonomy":"category","embeddable":true,"href":"https:\/\/www.adventvinkovci.com\/en\/wp-json\/wp\/v2\/categories?post=5751"},{"taxonomy":"post_tag","embeddable":true,"href":"https:\/\/www.adventvinkovci.com\/en\/wp-json\/wp\/v2\/tags?post=5751"}],"curies":[{"name":"wp","href":"https:\/\/api.w.org\/{rel}","templated":true}]}}